{"id":3134,"date":"2020-07-24T13:28:37","date_gmt":"2020-07-24T11:28:37","guid":{"rendered":"https:\/\/www.galeria-bemowo.pl\/?p=3134"},"modified":"2020-07-24T13:28:37","modified_gmt":"2020-07-24T11:28:37","slug":"cinema-city-przy-galerii-bemowo-ponownie-otwarte","status":"publish","type":"post","link":"https:\/\/www.galeria-bemowo.pl\/en\/wydarzenia\/cinema-city-przy-galerii-bemowo-ponownie-otwarte\/","title":{"rendered":"Cinema City przy Galerii Bemowo ponownie otwarte"},"content":{"rendered":"<p>Cinema City przy Galerii Bemowo ponownie otwarte!<\/p>\n<p>Czekaj\u0105 na Ciebie filmowe emocje na najwy\u017cszym poziomie, przy zachowaniu wszystkich procedur bezpiecze\u0144stwa!<\/p>\n<p>Dla najm\u0142odszych \u2013 \u201eAladyn\u201d, \u201eNaprz\u00f3d!\u201d, \u201eScooby-Dooo!\u201d, \u201eUrwis\u201d czy \u201eZwierzogr\u00f3d\u201d.<br \/>\nMi\u0142o\u015bnicy komedii b\u0119d\u0105 dobrze bawi\u0107 si\u0119 na \u201eD\u017centelmenach\u201d i \u201eSwingersach\u201d, a romantyczne dusze wzrusz\u0105 si\u0119 na filmie \u201eCo\u015b si\u0119 ko\u0144czy, co\u015b zaczyna\u201d.<br \/>\nNie zabrak\u0142o tak\u017ce atrakcji dla fan\u00f3w mocnych wra\u017ce\u0144! Polecamy \u201eSal\u0119 samob\u00f3jc\u00f3w. Hejter\u201d!<\/p>\n<p>Jednym s\u0142owem \u2013 dla ka\u017cdego co\u015b dobrego!<\/p>\n<p>Zapraszamy na bezpieczny seans!<\/p>\n<p>Najwa\u017cniejsze zasady bezpiecze\u0144stwa:<\/p>\n<ul>\n<li>zas\u0142aniaj usta i nos<\/li>\n<li>zachowaj bezpieczny 1,5-metrowy dystans<\/li>\n<li>korzystaj ze stacji do dezynfekcji r\u0105k<\/li>\n<li>dokonuj p\u0142atno\u015bci kart\u0105<\/li>\n<li>w sali kinowej mo\u017cna zaj\u0105\u0107 co drugie miejsce (nie dotyczy os\u00f3b mieszkaj\u0105cych razem, rodzin i dzieci poni\u017cej 13. roku \u017cycia)<\/li>\n<\/ul>\n","protected":false},"excerpt":{"rendered":"<p>Cinema City przy Galerii Bemowo ponownie otwarte! Czekaj\u0105 na Ciebie filmowe emocje na najwy\u017cszym poziomie, przy zachowaniu wszystkich procedur bezpiecze\u0144stwa! Dla najm\u0142odszych \u2013 \u201eAladyn\u201d, \u201eNaprz\u00f3d!\u201d, \u201eScooby-Dooo!\u201d, \u201eUrwis\u201d czy \u201eZwierzogr\u00f3d\u201d. Mi\u0142o\u015bnicy [&hellip;]<\/p>\n","protected":false},"author":1,"featured_media":0,"comment_status":"closed","ping_status":"closed","sticky":false,"template":"","format":"standard","meta":{"_acf_changed":false,"footnotes":""},"categories":[15],"tags":[],"class_list":["post-3134","post","type-post","status-publish","format-standard","hentry","category-wydarzenia"],"acf":[],"yoast_head":"<!-- This site is optimized with the Yoast SEO plugin v23.4 - https:\/\/yoast.com\/wordpress\/plugins\/seo\/ -->\n<title>Cinema City przy Galerii Bemowo ponownie otwarte - Bemowo<\/title>\n<meta name=\"robots\" content=\"index, follow, max-snippet:-1, max-image-preview:large, max-video-preview:-1\" \/>\n<link rel=\"canonical\" href=\"https:\/\/www.galeria-bemowo.pl\/wydarzenia\/cinema-city-przy-galerii-bemowo-ponownie-otwarte\/\" \/>\n<meta property=\"og:locale\" content=\"en_US\" \/>\n<meta property=\"og:type\" content=\"article\" \/>\n<meta property=\"og:title\" content=\"Cinema City przy Galerii Bemowo ponownie otwarte - Bemowo\" \/>\n<meta property=\"og:description\" content=\"Cinema City przy Galerii Bemowo ponownie otwarte! Czekaj\u0105 na Ciebie filmowe emocje na najwy\u017cszym poziomie, przy zachowaniu wszystkich procedur bezpiecze\u0144stwa! Dla najm\u0142odszych \u2013 \u201eAladyn\u201d, \u201eNaprz\u00f3d!\u201d, \u201eScooby-Dooo!\u201d, \u201eUrwis\u201d czy \u201eZwierzogr\u00f3d\u201d. Mi\u0142o\u015bnicy [&hellip;]\" \/>\n<meta property=\"og:url\" content=\"https:\/\/www.galeria-bemowo.pl\/wydarzenia\/cinema-city-przy-galerii-bemowo-ponownie-otwarte\/\" \/>\n<meta property=\"og:site_name\" content=\"Bemowo\" \/>\n<meta property=\"article:publisher\" content=\"https:\/\/www.facebook.com\/GaleriaBemowo\/\" \/>\n<meta property=\"article:published_time\" content=\"2020-07-24T11:28:37+00:00\" \/>\n<meta property=\"og:image\" content=\"https:\/\/www.galeria-bemowo.pl\/wp-content\/uploads\/2019\/08\/logo-bemowo_2.png\" \/>\n\t<meta property=\"og:image:width\" content=\"310\" \/>\n\t<meta property=\"og:image:height\" content=\"217\" \/>\n\t<meta property=\"og:image:type\" content=\"image\/png\" \/>\n<meta name=\"author\" content=\"aadmin\" \/>\n<meta name=\"twitter:card\" content=\"summary_large_image\" \/>\n<meta name=\"twitter:label1\" content=\"Written by\" \/>\n\t<meta name=\"twitter:data1\" content=\"aadmin\" \/>\n\t<meta name=\"twitter:label2\" content=\"Est. reading time\" \/>\n\t<meta name=\"twitter:data2\" content=\"1 minute\" \/>\n<script type=\"application\/ld+json\" class=\"yoast-schema-graph\">{\"@context\":\"https:\/\/schema.org\",\"@graph\":[{\"@type\":\"Article\",\"@id\":\"https:\/\/www.galeria-bemowo.pl\/wydarzenia\/cinema-city-przy-galerii-bemowo-ponownie-otwarte\/#article\",\"isPartOf\":{\"@id\":\"https:\/\/www.galeria-bemowo.pl\/wydarzenia\/cinema-city-przy-galerii-bemowo-ponownie-otwarte\/\"},\"author\":{\"name\":\"aadmin\",\"@id\":\"https:\/\/www.galeria-bemowo.pl\/#\/schema\/person\/391af1d41ade64b6edcf9534079b4185\"},\"headline\":\"Cinema City przy Galerii Bemowo ponownie otwarte\",\"datePublished\":\"2020-07-24T11:28:37+00:00\",\"dateModified\":\"2020-07-24T11:28:37+00:00\",\"mainEntityOfPage\":{\"@id\":\"https:\/\/www.galeria-bemowo.pl\/wydarzenia\/cinema-city-przy-galerii-bemowo-ponownie-otwarte\/\"},\"wordCount\":146,\"publisher\":{\"@id\":\"https:\/\/www.galeria-bemowo.pl\/#organization\"},\"articleSection\":[\"Wydarzenia\"],\"inLanguage\":\"en-US\"},{\"@type\":\"WebPage\",\"@id\":\"https:\/\/www.galeria-bemowo.pl\/wydarzenia\/cinema-city-przy-galerii-bemowo-ponownie-otwarte\/\",\"url\":\"https:\/\/www.galeria-bemowo.pl\/wydarzenia\/cinema-city-przy-galerii-bemowo-ponownie-otwarte\/\",\"name\":\"Cinema City przy Galerii Bemowo ponownie otwarte - Bemowo\",\"isPartOf\":{\"@id\":\"https:\/\/www.galeria-bemowo.pl\/#website\"},\"datePublished\":\"2020-07-24T11:28:37+00:00\",\"dateModified\":\"2020-07-24T11:28:37+00:00\",\"breadcrumb\":{\"@id\":\"https:\/\/www.galeria-bemowo.pl\/wydarzenia\/cinema-city-przy-galerii-bemowo-ponownie-otwarte\/#breadcrumb\"},\"inLanguage\":\"en-US\",\"potentialAction\":[{\"@type\":\"ReadAction\",\"target\":[\"https:\/\/www.galeria-bemowo.pl\/wydarzenia\/cinema-city-przy-galerii-bemowo-ponownie-otwarte\/\"]}]},{\"@type\":\"BreadcrumbList\",\"@id\":\"https:\/\/www.galeria-bemowo.pl\/wydarzenia\/cinema-city-przy-galerii-bemowo-ponownie-otwarte\/#breadcrumb\",\"itemListElement\":[{\"@type\":\"ListItem\",\"position\":1,\"name\":\"Strona g\u0142\u00f3wna\",\"item\":\"https:\/\/www.galeria-bemowo.pl\/en\/\"},{\"@type\":\"ListItem\",\"position\":2,\"name\":\"Wydarzenia\",\"item\":\"https:\/\/www.galeria-bemowo.pl\/.\/wydarzenia\/\"},{\"@type\":\"ListItem\",\"position\":3,\"name\":\"Cinema City przy Galerii Bemowo ponownie otwarte\"}]},{\"@type\":\"WebSite\",\"@id\":\"https:\/\/www.galeria-bemowo.pl\/#website\",\"url\":\"https:\/\/www.galeria-bemowo.pl\/\",\"name\":\"Bemowo\",\"description\":\"\",\"publisher\":{\"@id\":\"https:\/\/www.galeria-bemowo.pl\/#organization\"},\"potentialAction\":[{\"@type\":\"SearchAction\",\"target\":{\"@type\":\"EntryPoint\",\"urlTemplate\":\"https:\/\/www.galeria-bemowo.pl\/?s={search_term_string}\"},\"query-input\":{\"@type\":\"PropertyValueSpecification\",\"valueRequired\":true,\"valueName\":\"search_term_string\"}}],\"inLanguage\":\"en-US\"},{\"@type\":\"Organization\",\"@id\":\"https:\/\/www.galeria-bemowo.pl\/#organization\",\"name\":\"Galeria Bemowo\",\"url\":\"https:\/\/www.galeria-bemowo.pl\/\",\"logo\":{\"@type\":\"ImageObject\",\"inLanguage\":\"en-US\",\"@id\":\"https:\/\/www.galeria-bemowo.pl\/#\/schema\/logo\/image\/\",\"url\":\"https:\/\/www.galeria-bemowo.pl\/wp-content\/uploads\/2019\/08\/logo-bemowo_2.png\",\"contentUrl\":\"https:\/\/www.galeria-bemowo.pl\/wp-content\/uploads\/2019\/08\/logo-bemowo_2.png\",\"width\":310,\"height\":217,\"caption\":\"Galeria Bemowo\"},\"image\":{\"@id\":\"https:\/\/www.galeria-bemowo.pl\/#\/schema\/logo\/image\/\"},\"sameAs\":[\"https:\/\/www.facebook.com\/GaleriaBemowo\/\"]},{\"@type\":\"Person\",\"@id\":\"https:\/\/www.galeria-bemowo.pl\/#\/schema\/person\/391af1d41ade64b6edcf9534079b4185\",\"name\":\"aadmin\"}]}<\/script>\n<!-- \/ Yoast SEO plugin. -->","yoast_head_json":{"title":"Cinema City przy Galerii Bemowo ponownie otwarte - Bemowo","robots":{"index":"index","follow":"follow","max-snippet":"max-snippet:-1","max-image-preview":"max-image-preview:large","max-video-preview":"max-video-preview:-1"},"canonical":"https:\/\/www.galeria-bemowo.pl\/wydarzenia\/cinema-city-przy-galerii-bemowo-ponownie-otwarte\/","og_locale":"en_US","og_type":"article","og_title":"Cinema City przy Galerii Bemowo ponownie otwarte - Bemowo","og_description":"Cinema City przy Galerii Bemowo ponownie otwarte! Czekaj\u0105 na Ciebie filmowe emocje na najwy\u017cszym poziomie, przy zachowaniu wszystkich procedur bezpiecze\u0144stwa! Dla najm\u0142odszych \u2013 \u201eAladyn\u201d, \u201eNaprz\u00f3d!\u201d, \u201eScooby-Dooo!\u201d, \u201eUrwis\u201d czy \u201eZwierzogr\u00f3d\u201d. Mi\u0142o\u015bnicy [&hellip;]","og_url":"https:\/\/www.galeria-bemowo.pl\/wydarzenia\/cinema-city-przy-galerii-bemowo-ponownie-otwarte\/","og_site_name":"Bemowo","article_publisher":"https:\/\/www.facebook.com\/GaleriaBemowo\/","article_published_time":"2020-07-24T11:28:37+00:00","og_image":[{"width":310,"height":217,"url":"https:\/\/www.galeria-bemowo.pl\/wp-content\/uploads\/2019\/08\/logo-bemowo_2.png","type":"image\/png"}],"author":"aadmin","twitter_card":"summary_large_image","twitter_misc":{"Written by":"aadmin","Est. reading time":"1 minute"},"schema":{"@context":"https:\/\/schema.org","@graph":[{"@type":"Article","@id":"https:\/\/www.galeria-bemowo.pl\/wydarzenia\/cinema-city-przy-galerii-bemowo-ponownie-otwarte\/#article","isPartOf":{"@id":"https:\/\/www.galeria-bemowo.pl\/wydarzenia\/cinema-city-przy-galerii-bemowo-ponownie-otwarte\/"},"author":{"name":"aadmin","@id":"https:\/\/www.galeria-bemowo.pl\/#\/schema\/person\/391af1d41ade64b6edcf9534079b4185"},"headline":"Cinema City przy Galerii Bemowo ponownie otwarte","datePublished":"2020-07-24T11:28:37+00:00","dateModified":"2020-07-24T11:28:37+00:00","mainEntityOfPage":{"@id":"https:\/\/www.galeria-bemowo.pl\/wydarzenia\/cinema-city-przy-galerii-bemowo-ponownie-otwarte\/"},"wordCount":146,"publisher":{"@id":"https:\/\/www.galeria-bemowo.pl\/#organization"},"articleSection":["Wydarzenia"],"inLanguage":"en-US"},{"@type":"WebPage","@id":"https:\/\/www.galeria-bemowo.pl\/wydarzenia\/cinema-city-przy-galerii-bemowo-ponownie-otwarte\/","url":"https:\/\/www.galeria-bemowo.pl\/wydarzenia\/cinema-city-przy-galerii-bemowo-ponownie-otwarte\/","name":"Cinema City przy Galerii Bemowo ponownie otwarte - Bemowo","isPartOf":{"@id":"https:\/\/www.galeria-bemowo.pl\/#website"},"datePublished":"2020-07-24T11:28:37+00:00","dateModified":"2020-07-24T11:28:37+00:00","breadcrumb":{"@id":"https:\/\/www.galeria-bemowo.pl\/wydarzenia\/cinema-city-przy-galerii-bemowo-ponownie-otwarte\/#breadcrumb"},"inLanguage":"en-US","potentialAction":[{"@type":"ReadAction","target":["https:\/\/www.galeria-bemowo.pl\/wydarzenia\/cinema-city-przy-galerii-bemowo-ponownie-otwarte\/"]}]},{"@type":"BreadcrumbList","@id":"https:\/\/www.galeria-bemowo.pl\/wydarzenia\/cinema-city-przy-galerii-bemowo-ponownie-otwarte\/#breadcrumb","itemListElement":[{"@type":"ListItem","position":1,"name":"Strona g\u0142\u00f3wna","item":"https:\/\/www.galeria-bemowo.pl\/en\/"},{"@type":"ListItem","position":2,"name":"Wydarzenia","item":"https:\/\/www.galeria-bemowo.pl\/.\/wydarzenia\/"},{"@type":"ListItem","position":3,"name":"Cinema City przy Galerii Bemowo ponownie otwarte"}]},{"@type":"WebSite","@id":"https:\/\/www.galeria-bemowo.pl\/#website","url":"https:\/\/www.galeria-bemowo.pl\/","name":"Bemowo","description":"","publisher":{"@id":"https:\/\/www.galeria-bemowo.pl\/#organization"},"potentialAction":[{"@type":"SearchAction","target":{"@type":"EntryPoint","urlTemplate":"https:\/\/www.galeria-bemowo.pl\/?s={search_term_string}"},"query-input":{"@type":"PropertyValueSpecification","valueRequired":true,"valueName":"search_term_string"}}],"inLanguage":"en-US"},{"@type":"Organization","@id":"https:\/\/www.galeria-bemowo.pl\/#organization","name":"Galeria Bemowo","url":"https:\/\/www.galeria-bemowo.pl\/","logo":{"@type":"ImageObject","inLanguage":"en-US","@id":"https:\/\/www.galeria-bemowo.pl\/#\/schema\/logo\/image\/","url":"https:\/\/www.galeria-bemowo.pl\/wp-content\/uploads\/2019\/08\/logo-bemowo_2.png","contentUrl":"https:\/\/www.galeria-bemowo.pl\/wp-content\/uploads\/2019\/08\/logo-bemowo_2.png","width":310,"height":217,"caption":"Galeria Bemowo"},"image":{"@id":"https:\/\/www.galeria-bemowo.pl\/#\/schema\/logo\/image\/"},"sameAs":["https:\/\/www.facebook.com\/GaleriaBemowo\/"]},{"@type":"Person","@id":"https:\/\/www.galeria-bemowo.pl\/#\/schema\/person\/391af1d41ade64b6edcf9534079b4185","name":"aadmin"}]}},"_links":{"self":[{"href":"https:\/\/www.galeria-bemowo.pl\/en\/wp-json\/wp\/v2\/posts\/3134"}],"collection":[{"href":"https:\/\/www.galeria-bemowo.pl\/en\/wp-json\/wp\/v2\/posts"}],"about":[{"href":"https:\/\/www.galeria-bemowo.pl\/en\/wp-json\/wp\/v2\/types\/post"}],"author":[{"embeddable":true,"href":"https:\/\/www.galeria-bemowo.pl\/en\/wp-json\/wp\/v2\/users\/1"}],"replies":[{"embeddable":true,"href":"https:\/\/www.galeria-bemowo.pl\/en\/wp-json\/wp\/v2\/comments?post=3134"}],"version-history":[{"count":0,"href":"https:\/\/www.galeria-bemowo.pl\/en\/wp-json\/wp\/v2\/posts\/3134\/revisions"}],"wp:attachment":[{"href":"https:\/\/www.galeria-bemowo.pl\/en\/wp-json\/wp\/v2\/media?parent=3134"}],"wp:term":[{"taxonomy":"category","embeddable":true,"href":"https:\/\/www.galeria-bemowo.pl\/en\/wp-json\/wp\/v2\/categories?post=3134"},{"taxonomy":"post_tag","embeddable":true,"href":"https:\/\/www.galeria-bemowo.pl\/en\/wp-json\/wp\/v2\/tags?post=3134"}],"curies":[{"name":"wp","href":"https:\/\/api.w.org\/{rel}","templated":true}]}}