{"id":3175,"date":"2020-08-19T13:56:54","date_gmt":"2020-08-19T11:56:54","guid":{"rendered":"https:\/\/www.galeria-bemowo.pl\/?p=3175"},"modified":"2020-08-19T13:56:54","modified_gmt":"2020-08-19T11:56:54","slug":"artystyczny-powrot-do-szkoly-pelen-nagrod-od-galerii-bemowo","status":"publish","type":"post","link":"https:\/\/www.galeria-bemowo.pl\/en\/wydarzenia\/artystyczny-powrot-do-szkoly-pelen-nagrod-od-galerii-bemowo\/","title":{"rendered":"Artystyczny powr\u00f3t do szko\u0142y pe\u0142en nagr\u00f3d od Galerii Bemowo"},"content":{"rendered":"<p><strong>M\u0142odzi arty\u015bci \u201estreet art\u2019u\u201d i dedykowane nadruki na koszulkach, czyli \u201eback to school\u201d w modnym klimacie na Bemowie! Ju\u017c w sobot\u0119 29 sierpnia w godzinach 12.00-18.00 Galeria Bemowo zaprasza swoich Klient\u00f3w do udzia\u0142u w zabawie po\u0142\u0105czonej z warsztatami sitodruku, podczas kt\u00f3rej do zdobycia b\u0119d\u0105 unikatowe koszulki. Wystarczy zrobi\u0107 zakupy w Galerii, aby otrzyma\u0107 wyj\u0105tkowy prezent, kt\u00f3ry umili wszystkim powr\u00f3t do szko\u0142y.<\/strong><\/p>\n<p>Ostatnia sobota sierpnia w Galerii Bemowo zapowiada si\u0119 wyj\u0105tkowo artystycznie. Wsp\u00f3lnie z m\u0142odymi tw\u00f3rcami Galeria Bemowo zaprosi wszystkich na warsztaty sitodruku \u2013 najstarszej metody poligraficznej. Na kolorowych koszulkach \u2013 przy pomocy specjalnej matrycy i farby \u2013 klienci Galerii Bemowo wykonaj\u0105 wybrany przez siebie nadruk tematycznie zwi\u0105zany z powrotem do szko\u0142y. Do wyboru b\u0119d\u0105 cztery r\u00f3\u017cne rodzaje wzor\u00f3w. Aby wzi\u0105\u0107 udzia\u0142 w warsztatach i zdoby\u0107 wymarzon\u0105 koszulk\u0119, wystarczy zrobi\u0107 zakupy za minimum 30 z\u0142otych w Galerii Bemowo. Jedna osoba mo\u017ce zadrukowa\u0107 maksymalnie dwie koszulki dokumentuj\u0105c zakupy odpowiedni\u0105 liczb\u0105 paragon\u00f3w. Do rozdania jest a\u017c 200 koszulek z oryginalnym nadrukiem.<\/p>\n<p>To ju\u017c kolejna edycja akcji z warsztatami sitodruku w Galerii Bemowo, kt\u00f3ra zyska\u0142a du\u017c\u0105 popularno\u015b\u0107 w\u015br\u00f3d klient\u00f3w Galerii. Poprzednio mieszka\u0144cy Bemowa mogli nadrukowa\u0107 sobie zimowe wzory podczas grudniowej ods\u0142ony akcji. Warsztaty sitodruku by\u0142y r\u00f3wnie\u017c w programie za\u00adkr\u0119\u00adco\u00adnego pik\u00adniku be\u00admow\u00adskich zwie\u00adrza\u00adk\u00f3w.<\/p>\n<p>Udzia\u0142 w wydarzeniu jest bezp\u0142atny. Regulamin akcji \u201eBack to school\u201d jest dost\u0119pny w Punkcie Obs\u0142ugi Akcji. Partnerem wydarzenia jest hipermarket Carrefour.<\/p>\n","protected":false},"excerpt":{"rendered":"<p>M\u0142odzi arty\u015bci \u201estreet art\u2019u\u201d i dedykowane nadruki na koszulkach, czyli \u201eback to school\u201d w modnym klimacie na Bemowie! Ju\u017c w sobot\u0119 29 sierpnia w godzinach 12.00-18.00 Galeria Bemowo zaprasza swoich [&hellip;]<\/p>\n","protected":false},"author":1,"featured_media":0,"comment_status":"closed","ping_status":"closed","sticky":false,"template":"","format":"standard","meta":{"_acf_changed":false,"footnotes":""},"categories":[15],"tags":[],"class_list":["post-3175","post","type-post","status-publish","format-standard","hentry","category-wydarzenia"],"acf":[],"yoast_head":"<!-- This site is optimized with the Yoast SEO plugin v23.4 - https:\/\/yoast.com\/wordpress\/plugins\/seo\/ -->\n<title>Artystyczny powr\u00f3t do szko\u0142y pe\u0142en nagr\u00f3d od Galerii Bemowo - Bemowo<\/title>\n<meta name=\"robots\" content=\"index, follow, max-snippet:-1, max-image-preview:large, max-video-preview:-1\" \/>\n<link rel=\"canonical\" href=\"https:\/\/www.galeria-bemowo.pl\/wydarzenia\/artystyczny-powrot-do-szkoly-pelen-nagrod-od-galerii-bemowo\/\" \/>\n<meta property=\"og:locale\" content=\"en_US\" \/>\n<meta property=\"og:type\" content=\"article\" \/>\n<meta property=\"og:title\" content=\"Artystyczny powr\u00f3t do szko\u0142y pe\u0142en nagr\u00f3d od Galerii Bemowo - Bemowo\" \/>\n<meta property=\"og:description\" content=\"M\u0142odzi arty\u015bci \u201estreet art\u2019u\u201d i dedykowane nadruki na koszulkach, czyli \u201eback to school\u201d w modnym klimacie na Bemowie! Ju\u017c w sobot\u0119 29 sierpnia w godzinach 12.00-18.00 Galeria Bemowo zaprasza swoich [&hellip;]\" \/>\n<meta property=\"og:url\" content=\"https:\/\/www.galeria-bemowo.pl\/wydarzenia\/artystyczny-powrot-do-szkoly-pelen-nagrod-od-galerii-bemowo\/\" \/>\n<meta property=\"og:site_name\" content=\"Bemowo\" \/>\n<meta property=\"article:publisher\" content=\"https:\/\/www.facebook.com\/GaleriaBemowo\/\" \/>\n<meta property=\"article:published_time\" content=\"2020-08-19T11:56:54+00:00\" \/>\n<meta property=\"og:image\" content=\"https:\/\/www.galeria-bemowo.pl\/wp-content\/uploads\/2019\/08\/logo-bemowo_2.png\" \/>\n\t<meta property=\"og:image:width\" content=\"310\" \/>\n\t<meta property=\"og:image:height\" content=\"217\" \/>\n\t<meta property=\"og:image:type\" content=\"image\/png\" \/>\n<meta name=\"author\" content=\"aadmin\" \/>\n<meta name=\"twitter:card\" content=\"summary_large_image\" \/>\n<meta name=\"twitter:label1\" content=\"Written by\" \/>\n\t<meta name=\"twitter:data1\" content=\"aadmin\" \/>\n\t<meta name=\"twitter:label2\" content=\"Est. reading time\" \/>\n\t<meta name=\"twitter:data2\" content=\"1 minute\" \/>\n<script type=\"application\/ld+json\" class=\"yoast-schema-graph\">{\"@context\":\"https:\/\/schema.org\",\"@graph\":[{\"@type\":\"Article\",\"@id\":\"https:\/\/www.galeria-bemowo.pl\/wydarzenia\/artystyczny-powrot-do-szkoly-pelen-nagrod-od-galerii-bemowo\/#article\",\"isPartOf\":{\"@id\":\"https:\/\/www.galeria-bemowo.pl\/wydarzenia\/artystyczny-powrot-do-szkoly-pelen-nagrod-od-galerii-bemowo\/\"},\"author\":{\"name\":\"aadmin\",\"@id\":\"https:\/\/www.galeria-bemowo.pl\/#\/schema\/person\/391af1d41ade64b6edcf9534079b4185\"},\"headline\":\"Artystyczny powr\u00f3t do szko\u0142y pe\u0142en nagr\u00f3d od Galerii Bemowo\",\"datePublished\":\"2020-08-19T11:56:54+00:00\",\"dateModified\":\"2020-08-19T11:56:54+00:00\",\"mainEntityOfPage\":{\"@id\":\"https:\/\/www.galeria-bemowo.pl\/wydarzenia\/artystyczny-powrot-do-szkoly-pelen-nagrod-od-galerii-bemowo\/\"},\"wordCount\":272,\"publisher\":{\"@id\":\"https:\/\/www.galeria-bemowo.pl\/#organization\"},\"articleSection\":[\"Wydarzenia\"],\"inLanguage\":\"en-US\"},{\"@type\":\"WebPage\",\"@id\":\"https:\/\/www.galeria-bemowo.pl\/wydarzenia\/artystyczny-powrot-do-szkoly-pelen-nagrod-od-galerii-bemowo\/\",\"url\":\"https:\/\/www.galeria-bemowo.pl\/wydarzenia\/artystyczny-powrot-do-szkoly-pelen-nagrod-od-galerii-bemowo\/\",\"name\":\"Artystyczny powr\u00f3t do szko\u0142y pe\u0142en nagr\u00f3d od Galerii Bemowo - Bemowo\",\"isPartOf\":{\"@id\":\"https:\/\/www.galeria-bemowo.pl\/#website\"},\"datePublished\":\"2020-08-19T11:56:54+00:00\",\"dateModified\":\"2020-08-19T11:56:54+00:00\",\"breadcrumb\":{\"@id\":\"https:\/\/www.galeria-bemowo.pl\/wydarzenia\/artystyczny-powrot-do-szkoly-pelen-nagrod-od-galerii-bemowo\/#breadcrumb\"},\"inLanguage\":\"en-US\",\"potentialAction\":[{\"@type\":\"ReadAction\",\"target\":[\"https:\/\/www.galeria-bemowo.pl\/wydarzenia\/artystyczny-powrot-do-szkoly-pelen-nagrod-od-galerii-bemowo\/\"]}]},{\"@type\":\"BreadcrumbList\",\"@id\":\"https:\/\/www.galeria-bemowo.pl\/wydarzenia\/artystyczny-powrot-do-szkoly-pelen-nagrod-od-galerii-bemowo\/#breadcrumb\",\"itemListElement\":[{\"@type\":\"ListItem\",\"position\":1,\"name\":\"Strona g\u0142\u00f3wna\",\"item\":\"https:\/\/www.galeria-bemowo.pl\/en\/\"},{\"@type\":\"ListItem\",\"position\":2,\"name\":\"Wydarzenia\",\"item\":\"https:\/\/www.galeria-bemowo.pl\/.\/wydarzenia\/\"},{\"@type\":\"ListItem\",\"position\":3,\"name\":\"Artystyczny powr\u00f3t do&nbsp;szko\u0142y pe\u0142en nagr\u00f3d od&nbsp;Galerii Bemowo\"}]},{\"@type\":\"WebSite\",\"@id\":\"https:\/\/www.galeria-bemowo.pl\/#website\",\"url\":\"https:\/\/www.galeria-bemowo.pl\/\",\"name\":\"Bemowo\",\"description\":\"\",\"publisher\":{\"@id\":\"https:\/\/www.galeria-bemowo.pl\/#organization\"},\"potentialAction\":[{\"@type\":\"SearchAction\",\"target\":{\"@type\":\"EntryPoint\",\"urlTemplate\":\"https:\/\/www.galeria-bemowo.pl\/?s={search_term_string}\"},\"query-input\":{\"@type\":\"PropertyValueSpecification\",\"valueRequired\":true,\"valueName\":\"search_term_string\"}}],\"inLanguage\":\"en-US\"},{\"@type\":\"Organization\",\"@id\":\"https:\/\/www.galeria-bemowo.pl\/#organization\",\"name\":\"Galeria Bemowo\",\"url\":\"https:\/\/www.galeria-bemowo.pl\/\",\"logo\":{\"@type\":\"ImageObject\",\"inLanguage\":\"en-US\",\"@id\":\"https:\/\/www.galeria-bemowo.pl\/#\/schema\/logo\/image\/\",\"url\":\"https:\/\/www.galeria-bemowo.pl\/wp-content\/uploads\/2019\/08\/logo-bemowo_2.png\",\"contentUrl\":\"https:\/\/www.galeria-bemowo.pl\/wp-content\/uploads\/2019\/08\/logo-bemowo_2.png\",\"width\":310,\"height\":217,\"caption\":\"Galeria Bemowo\"},\"image\":{\"@id\":\"https:\/\/www.galeria-bemowo.pl\/#\/schema\/logo\/image\/\"},\"sameAs\":[\"https:\/\/www.facebook.com\/GaleriaBemowo\/\"]},{\"@type\":\"Person\",\"@id\":\"https:\/\/www.galeria-bemowo.pl\/#\/schema\/person\/391af1d41ade64b6edcf9534079b4185\",\"name\":\"aadmin\"}]}<\/script>\n<!-- \/ Yoast SEO plugin. -->","yoast_head_json":{"title":"Artystyczny powr\u00f3t do szko\u0142y pe\u0142en nagr\u00f3d od Galerii Bemowo - Bemowo","robots":{"index":"index","follow":"follow","max-snippet":"max-snippet:-1","max-image-preview":"max-image-preview:large","max-video-preview":"max-video-preview:-1"},"canonical":"https:\/\/www.galeria-bemowo.pl\/wydarzenia\/artystyczny-powrot-do-szkoly-pelen-nagrod-od-galerii-bemowo\/","og_locale":"en_US","og_type":"article","og_title":"Artystyczny powr\u00f3t do szko\u0142y pe\u0142en nagr\u00f3d od Galerii Bemowo - Bemowo","og_description":"M\u0142odzi arty\u015bci \u201estreet art\u2019u\u201d i dedykowane nadruki na koszulkach, czyli \u201eback to school\u201d w modnym klimacie na Bemowie! Ju\u017c w sobot\u0119 29 sierpnia w godzinach 12.00-18.00 Galeria Bemowo zaprasza swoich [&hellip;]","og_url":"https:\/\/www.galeria-bemowo.pl\/wydarzenia\/artystyczny-powrot-do-szkoly-pelen-nagrod-od-galerii-bemowo\/","og_site_name":"Bemowo","article_publisher":"https:\/\/www.facebook.com\/GaleriaBemowo\/","article_published_time":"2020-08-19T11:56:54+00:00","og_image":[{"width":310,"height":217,"url":"https:\/\/www.galeria-bemowo.pl\/wp-content\/uploads\/2019\/08\/logo-bemowo_2.png","type":"image\/png"}],"author":"aadmin","twitter_card":"summary_large_image","twitter_misc":{"Written by":"aadmin","Est. reading time":"1 minute"},"schema":{"@context":"https:\/\/schema.org","@graph":[{"@type":"Article","@id":"https:\/\/www.galeria-bemowo.pl\/wydarzenia\/artystyczny-powrot-do-szkoly-pelen-nagrod-od-galerii-bemowo\/#article","isPartOf":{"@id":"https:\/\/www.galeria-bemowo.pl\/wydarzenia\/artystyczny-powrot-do-szkoly-pelen-nagrod-od-galerii-bemowo\/"},"author":{"name":"aadmin","@id":"https:\/\/www.galeria-bemowo.pl\/#\/schema\/person\/391af1d41ade64b6edcf9534079b4185"},"headline":"Artystyczny powr\u00f3t do szko\u0142y pe\u0142en nagr\u00f3d od Galerii Bemowo","datePublished":"2020-08-19T11:56:54+00:00","dateModified":"2020-08-19T11:56:54+00:00","mainEntityOfPage":{"@id":"https:\/\/www.galeria-bemowo.pl\/wydarzenia\/artystyczny-powrot-do-szkoly-pelen-nagrod-od-galerii-bemowo\/"},"wordCount":272,"publisher":{"@id":"https:\/\/www.galeria-bemowo.pl\/#organization"},"articleSection":["Wydarzenia"],"inLanguage":"en-US"},{"@type":"WebPage","@id":"https:\/\/www.galeria-bemowo.pl\/wydarzenia\/artystyczny-powrot-do-szkoly-pelen-nagrod-od-galerii-bemowo\/","url":"https:\/\/www.galeria-bemowo.pl\/wydarzenia\/artystyczny-powrot-do-szkoly-pelen-nagrod-od-galerii-bemowo\/","name":"Artystyczny powr\u00f3t do szko\u0142y pe\u0142en nagr\u00f3d od Galerii Bemowo - Bemowo","isPartOf":{"@id":"https:\/\/www.galeria-bemowo.pl\/#website"},"datePublished":"2020-08-19T11:56:54+00:00","dateModified":"2020-08-19T11:56:54+00:00","breadcrumb":{"@id":"https:\/\/www.galeria-bemowo.pl\/wydarzenia\/artystyczny-powrot-do-szkoly-pelen-nagrod-od-galerii-bemowo\/#breadcrumb"},"inLanguage":"en-US","potentialAction":[{"@type":"ReadAction","target":["https:\/\/www.galeria-bemowo.pl\/wydarzenia\/artystyczny-powrot-do-szkoly-pelen-nagrod-od-galerii-bemowo\/"]}]},{"@type":"BreadcrumbList","@id":"https:\/\/www.galeria-bemowo.pl\/wydarzenia\/artystyczny-powrot-do-szkoly-pelen-nagrod-od-galerii-bemowo\/#breadcrumb","itemListElement":[{"@type":"ListItem","position":1,"name":"Strona g\u0142\u00f3wna","item":"https:\/\/www.galeria-bemowo.pl\/en\/"},{"@type":"ListItem","position":2,"name":"Wydarzenia","item":"https:\/\/www.galeria-bemowo.pl\/.\/wydarzenia\/"},{"@type":"ListItem","position":3,"name":"Artystyczny powr\u00f3t do&nbsp;szko\u0142y pe\u0142en nagr\u00f3d od&nbsp;Galerii Bemowo"}]},{"@type":"WebSite","@id":"https:\/\/www.galeria-bemowo.pl\/#website","url":"https:\/\/www.galeria-bemowo.pl\/","name":"Bemowo","description":"","publisher":{"@id":"https:\/\/www.galeria-bemowo.pl\/#organization"},"potentialAction":[{"@type":"SearchAction","target":{"@type":"EntryPoint","urlTemplate":"https:\/\/www.galeria-bemowo.pl\/?s={search_term_string}"},"query-input":{"@type":"PropertyValueSpecification","valueRequired":true,"valueName":"search_term_string"}}],"inLanguage":"en-US"},{"@type":"Organization","@id":"https:\/\/www.galeria-bemowo.pl\/#organization","name":"Galeria Bemowo","url":"https:\/\/www.galeria-bemowo.pl\/","logo":{"@type":"ImageObject","inLanguage":"en-US","@id":"https:\/\/www.galeria-bemowo.pl\/#\/schema\/logo\/image\/","url":"https:\/\/www.galeria-bemowo.pl\/wp-content\/uploads\/2019\/08\/logo-bemowo_2.png","contentUrl":"https:\/\/www.galeria-bemowo.pl\/wp-content\/uploads\/2019\/08\/logo-bemowo_2.png","width":310,"height":217,"caption":"Galeria Bemowo"},"image":{"@id":"https:\/\/www.galeria-bemowo.pl\/#\/schema\/logo\/image\/"},"sameAs":["https:\/\/www.facebook.com\/GaleriaBemowo\/"]},{"@type":"Person","@id":"https:\/\/www.galeria-bemowo.pl\/#\/schema\/person\/391af1d41ade64b6edcf9534079b4185","name":"aadmin"}]}},"_links":{"self":[{"href":"https:\/\/www.galeria-bemowo.pl\/en\/wp-json\/wp\/v2\/posts\/3175"}],"collection":[{"href":"https:\/\/www.galeria-bemowo.pl\/en\/wp-json\/wp\/v2\/posts"}],"about":[{"href":"https:\/\/www.galeria-bemowo.pl\/en\/wp-json\/wp\/v2\/types\/post"}],"author":[{"embeddable":true,"href":"https:\/\/www.galeria-bemowo.pl\/en\/wp-json\/wp\/v2\/users\/1"}],"replies":[{"embeddable":true,"href":"https:\/\/www.galeria-bemowo.pl\/en\/wp-json\/wp\/v2\/comments?post=3175"}],"version-history":[{"count":0,"href":"https:\/\/www.galeria-bemowo.pl\/en\/wp-json\/wp\/v2\/posts\/3175\/revisions"}],"wp:attachment":[{"href":"https:\/\/www.galeria-bemowo.pl\/en\/wp-json\/wp\/v2\/media?parent=3175"}],"wp:term":[{"taxonomy":"category","embeddable":true,"href":"https:\/\/www.galeria-bemowo.pl\/en\/wp-json\/wp\/v2\/categories?post=3175"},{"taxonomy":"post_tag","embeddable":true,"href":"https:\/\/www.galeria-bemowo.pl\/en\/wp-json\/wp\/v2\/tags?post=3175"}],"curies":[{"name":"wp","href":"https:\/\/api.w.org\/{rel}","templated":true}]}}