{"id":3695,"date":"2021-02-01T11:14:12","date_gmt":"2021-02-01T10:14:12","guid":{"rendered":"https:\/\/www.galeria-bemowo.pl\/?p=3695"},"modified":"2021-02-03T15:50:39","modified_gmt":"2021-02-03T14:50:39","slug":"zimowy-koszyk-bonusow","status":"publish","type":"post","link":"https:\/\/www.galeria-bemowo.pl\/en\/wydarzenia\/zimowy-koszyk-bonusow\/","title":{"rendered":"Zimowy koszyk BONus\u00f3w w Galerii Bemowo!"},"content":{"rendered":"<p><strong>Ponowne otwarcie sklep\u00f3w w Galerii Bemowo \u015bwi\u0119tujemy rozdaj\u0105c upominki! Ju\u017c w najbli\u017cszy weekend kolejna ods\u0142ona akcji, w ramach kt\u00f3rej sprezentujemy naszym klientom bony na dodatkowe zakupy. By otrzyma\u0107 prezent, wystarczy w dniach 5-6 zrobi\u0107 zakupy za min. 100 z\u0142otych i zg\u0142osi\u0107 si\u0119 do specjalnego Punktu Obs\u0142ugi Akcji w godzinach od 10:00 do 21:00.<\/strong><\/p>\n<p>Po tygodniach ogranicze\u0144 nadrabiamy zimowe wyprzeda\u017ce w Galerii Bemowo! By rado\u015b\u0107 z polowania na cenowe okazje by\u0142a jeszcze wi\u0119ksza, mamy dla Pa\u0144stwa upominki \u2013 bony na dodatkowe zakupy w najbli\u017csze pi\u0105tek i sobot\u0119!<\/p>\n<p>Zasady zabawy s\u0105 proste. Wystarczy w dniach 5-6 lutego zrobi\u0107 zakupy w Galerii Bemowo za minimum 100 z\u0142otych (do ka\u017cdego paragonu z hipermarketu nale\u017cy okaza\u0107 paragon z Galerii), a nast\u0119pnie zg\u0142osi\u0107 si\u0119 do Punktu Obs\u0142ugi Akcji po odbi\u00f3r bonu o warto\u015bci 30 z\u0142otych. Punkt pracuje w godzinach od 10:00 do 21:00 lub do wyczerpania puli bon\u00f3w. Codziennie do rozdania mamy a\u017c 200 nagr\u00f3d.<\/p>\n<p><a href=\"https:\/\/www.galeria-bemowo.pl\/wp-content\/uploads\/2021\/02\/regulamin-akcji-zimowy-koszyk-bonusow_galeria-bemowo_luty-2021_wersja-ostateczna.pdf\" target=\"_blank\" rel=\"noopener noreferrer\"><span style=\"text-decoration: underline;\">Regulamin akcji<\/span><\/a> \u201eZIMOWY KOSZYK BONus\u00f3w\u201d jest dost\u0119pny w Punkcie Obs\u0142ugi Akcji. Liczba upomink\u00f3w ograniczona \u2013 w puli jest a\u017c 400 voucher\u00f3w. Bony b\u0119dzie mo\u017cna zrealizowa\u0107 w wybranych sklepach w dniach trwania akcji, czyli 5 i 6 lutego. Po tym terminie bony trac\u0105 wa\u017cno\u015b\u0107. <a href=\"https:\/\/www.galeria-bemowo.pl\/wp-content\/uploads\/2021\/02\/lista-sklepow-bioracych-udzial-w-akcji-zimowy-koszyk-z-bonami.pdf\" target=\"_blank\" rel=\"noopener noreferrer\"><span style=\"text-decoration: underline;\">Lista sklep\u00f3w bior\u0105cych udzia\u0142 w akcji.<\/span><\/a><\/p>\n<p>Wydarzenie odbywa si\u0119 przy zachowaniu najwy\u017cszych \u015brodk\u00f3w bezpiecze\u0144stwa. Galeria Bemowo ca\u0142kowicie dostosowa\u0142a si\u0119 do obowi\u0105zuj\u0105cych wymog\u00f3w sanitarnych, a tak\u017ce wprowadzi\u0142a dodatkowe rozwi\u0105zania zwi\u0119kszaj\u0105ce bezpiecze\u0144stwo wszystkich os\u00f3b przebywaj\u0105cych na terenie Galerii. Wi\u0119cej informacji na temat bezpiecze\u0144stwa w Galerii Bemowo znajduje si\u0119 na: <a href=\"https:\/\/www.galeria-bemowo.pl\/bezpieczne-zakupy\/\">www.galeria-bemowo.pl\/bezpieczne-zakupy\/<\/a>.<\/p>\n<p>Zapraszamy na zakupy!<\/p>\n","protected":false},"excerpt":{"rendered":"<p>Ponowne otwarcie sklep\u00f3w w Galerii Bemowo \u015bwi\u0119tujemy rozdaj\u0105c upominki! Ju\u017c w najbli\u017cszy weekend kolejna ods\u0142ona akcji, w ramach kt\u00f3rej sprezentujemy naszym klientom bony na dodatkowe zakupy. By otrzyma\u0107 prezent, wystarczy [&hellip;]<\/p>\n","protected":false},"author":1,"featured_media":0,"comment_status":"closed","ping_status":"closed","sticky":false,"template":"","format":"standard","meta":{"_acf_changed":false,"footnotes":""},"categories":[15],"tags":[],"class_list":["post-3695","post","type-post","status-publish","format-standard","hentry","category-wydarzenia"],"acf":[],"yoast_head":"<!-- This site is optimized with the Yoast SEO plugin v23.4 - https:\/\/yoast.com\/wordpress\/plugins\/seo\/ -->\n<title>Zimowy koszyk BONus\u00f3w w Galerii Bemowo! - Bemowo<\/title>\n<meta name=\"robots\" content=\"index, follow, max-snippet:-1, max-image-preview:large, max-video-preview:-1\" \/>\n<link rel=\"canonical\" href=\"https:\/\/www.galeria-bemowo.pl\/wydarzenia\/zimowy-koszyk-bonusow\/\" \/>\n<meta property=\"og:locale\" content=\"en_US\" \/>\n<meta property=\"og:type\" content=\"article\" \/>\n<meta property=\"og:title\" content=\"Zimowy koszyk BONus\u00f3w w Galerii Bemowo! - Bemowo\" \/>\n<meta property=\"og:description\" content=\"Ponowne otwarcie sklep\u00f3w w Galerii Bemowo \u015bwi\u0119tujemy rozdaj\u0105c upominki! Ju\u017c w najbli\u017cszy weekend kolejna ods\u0142ona akcji, w ramach kt\u00f3rej sprezentujemy naszym klientom bony na dodatkowe zakupy. By otrzyma\u0107 prezent, wystarczy [&hellip;]\" \/>\n<meta property=\"og:url\" content=\"https:\/\/www.galeria-bemowo.pl\/wydarzenia\/zimowy-koszyk-bonusow\/\" \/>\n<meta property=\"og:site_name\" content=\"Bemowo\" \/>\n<meta property=\"article:publisher\" content=\"https:\/\/www.facebook.com\/GaleriaBemowo\/\" \/>\n<meta property=\"article:published_time\" content=\"2021-02-01T10:14:12+00:00\" \/>\n<meta property=\"article:modified_time\" content=\"2021-02-03T14:50:39+00:00\" \/>\n<meta property=\"og:image\" content=\"https:\/\/www.galeria-bemowo.pl\/wp-content\/uploads\/2019\/08\/logo-bemowo_2.png\" \/>\n\t<meta property=\"og:image:width\" content=\"310\" \/>\n\t<meta property=\"og:image:height\" content=\"217\" \/>\n\t<meta property=\"og:image:type\" content=\"image\/png\" \/>\n<meta name=\"author\" content=\"aadmin\" \/>\n<meta name=\"twitter:card\" content=\"summary_large_image\" \/>\n<meta name=\"twitter:label1\" content=\"Written by\" \/>\n\t<meta name=\"twitter:data1\" content=\"aadmin\" \/>\n\t<meta name=\"twitter:label2\" content=\"Est. reading time\" \/>\n\t<meta name=\"twitter:data2\" content=\"1 minute\" \/>\n<script type=\"application\/ld+json\" class=\"yoast-schema-graph\">{\"@context\":\"https:\/\/schema.org\",\"@graph\":[{\"@type\":\"Article\",\"@id\":\"https:\/\/www.galeria-bemowo.pl\/wydarzenia\/zimowy-koszyk-bonusow\/#article\",\"isPartOf\":{\"@id\":\"https:\/\/www.galeria-bemowo.pl\/wydarzenia\/zimowy-koszyk-bonusow\/\"},\"author\":{\"name\":\"aadmin\",\"@id\":\"https:\/\/www.galeria-bemowo.pl\/#\/schema\/person\/391af1d41ade64b6edcf9534079b4185\"},\"headline\":\"Zimowy koszyk BONus\u00f3w w Galerii Bemowo!\",\"datePublished\":\"2021-02-01T10:14:12+00:00\",\"dateModified\":\"2021-02-03T14:50:39+00:00\",\"mainEntityOfPage\":{\"@id\":\"https:\/\/www.galeria-bemowo.pl\/wydarzenia\/zimowy-koszyk-bonusow\/\"},\"wordCount\":294,\"publisher\":{\"@id\":\"https:\/\/www.galeria-bemowo.pl\/#organization\"},\"articleSection\":[\"Wydarzenia\"],\"inLanguage\":\"en-US\"},{\"@type\":\"WebPage\",\"@id\":\"https:\/\/www.galeria-bemowo.pl\/wydarzenia\/zimowy-koszyk-bonusow\/\",\"url\":\"https:\/\/www.galeria-bemowo.pl\/wydarzenia\/zimowy-koszyk-bonusow\/\",\"name\":\"Zimowy koszyk BONus\u00f3w w Galerii Bemowo! - Bemowo\",\"isPartOf\":{\"@id\":\"https:\/\/www.galeria-bemowo.pl\/#website\"},\"datePublished\":\"2021-02-01T10:14:12+00:00\",\"dateModified\":\"2021-02-03T14:50:39+00:00\",\"breadcrumb\":{\"@id\":\"https:\/\/www.galeria-bemowo.pl\/wydarzenia\/zimowy-koszyk-bonusow\/#breadcrumb\"},\"inLanguage\":\"en-US\",\"potentialAction\":[{\"@type\":\"ReadAction\",\"target\":[\"https:\/\/www.galeria-bemowo.pl\/wydarzenia\/zimowy-koszyk-bonusow\/\"]}]},{\"@type\":\"BreadcrumbList\",\"@id\":\"https:\/\/www.galeria-bemowo.pl\/wydarzenia\/zimowy-koszyk-bonusow\/#breadcrumb\",\"itemListElement\":[{\"@type\":\"ListItem\",\"position\":1,\"name\":\"Strona g\u0142\u00f3wna\",\"item\":\"https:\/\/www.galeria-bemowo.pl\/en\/\"},{\"@type\":\"ListItem\",\"position\":2,\"name\":\"Wydarzenia\",\"item\":\"https:\/\/www.galeria-bemowo.pl\/.\/wydarzenia\/\"},{\"@type\":\"ListItem\",\"position\":3,\"name\":\"Zimowy koszyk BONus\u00f3w w&nbsp;Galerii Bemowo!\"}]},{\"@type\":\"WebSite\",\"@id\":\"https:\/\/www.galeria-bemowo.pl\/#website\",\"url\":\"https:\/\/www.galeria-bemowo.pl\/\",\"name\":\"Bemowo\",\"description\":\"\",\"publisher\":{\"@id\":\"https:\/\/www.galeria-bemowo.pl\/#organization\"},\"potentialAction\":[{\"@type\":\"SearchAction\",\"target\":{\"@type\":\"EntryPoint\",\"urlTemplate\":\"https:\/\/www.galeria-bemowo.pl\/?s={search_term_string}\"},\"query-input\":{\"@type\":\"PropertyValueSpecification\",\"valueRequired\":true,\"valueName\":\"search_term_string\"}}],\"inLanguage\":\"en-US\"},{\"@type\":\"Organization\",\"@id\":\"https:\/\/www.galeria-bemowo.pl\/#organization\",\"name\":\"Galeria Bemowo\",\"url\":\"https:\/\/www.galeria-bemowo.pl\/\",\"logo\":{\"@type\":\"ImageObject\",\"inLanguage\":\"en-US\",\"@id\":\"https:\/\/www.galeria-bemowo.pl\/#\/schema\/logo\/image\/\",\"url\":\"https:\/\/www.galeria-bemowo.pl\/wp-content\/uploads\/2019\/08\/logo-bemowo_2.png\",\"contentUrl\":\"https:\/\/www.galeria-bemowo.pl\/wp-content\/uploads\/2019\/08\/logo-bemowo_2.png\",\"width\":310,\"height\":217,\"caption\":\"Galeria Bemowo\"},\"image\":{\"@id\":\"https:\/\/www.galeria-bemowo.pl\/#\/schema\/logo\/image\/\"},\"sameAs\":[\"https:\/\/www.facebook.com\/GaleriaBemowo\/\"]},{\"@type\":\"Person\",\"@id\":\"https:\/\/www.galeria-bemowo.pl\/#\/schema\/person\/391af1d41ade64b6edcf9534079b4185\",\"name\":\"aadmin\"}]}<\/script>\n<!-- \/ Yoast SEO plugin. -->","yoast_head_json":{"title":"Zimowy koszyk BONus\u00f3w w Galerii Bemowo! - Bemowo","robots":{"index":"index","follow":"follow","max-snippet":"max-snippet:-1","max-image-preview":"max-image-preview:large","max-video-preview":"max-video-preview:-1"},"canonical":"https:\/\/www.galeria-bemowo.pl\/wydarzenia\/zimowy-koszyk-bonusow\/","og_locale":"en_US","og_type":"article","og_title":"Zimowy koszyk BONus\u00f3w w Galerii Bemowo! - Bemowo","og_description":"Ponowne otwarcie sklep\u00f3w w Galerii Bemowo \u015bwi\u0119tujemy rozdaj\u0105c upominki! Ju\u017c w najbli\u017cszy weekend kolejna ods\u0142ona akcji, w ramach kt\u00f3rej sprezentujemy naszym klientom bony na dodatkowe zakupy. By otrzyma\u0107 prezent, wystarczy [&hellip;]","og_url":"https:\/\/www.galeria-bemowo.pl\/wydarzenia\/zimowy-koszyk-bonusow\/","og_site_name":"Bemowo","article_publisher":"https:\/\/www.facebook.com\/GaleriaBemowo\/","article_published_time":"2021-02-01T10:14:12+00:00","article_modified_time":"2021-02-03T14:50:39+00:00","og_image":[{"width":310,"height":217,"url":"https:\/\/www.galeria-bemowo.pl\/wp-content\/uploads\/2019\/08\/logo-bemowo_2.png","type":"image\/png"}],"author":"aadmin","twitter_card":"summary_large_image","twitter_misc":{"Written by":"aadmin","Est. reading time":"1 minute"},"schema":{"@context":"https:\/\/schema.org","@graph":[{"@type":"Article","@id":"https:\/\/www.galeria-bemowo.pl\/wydarzenia\/zimowy-koszyk-bonusow\/#article","isPartOf":{"@id":"https:\/\/www.galeria-bemowo.pl\/wydarzenia\/zimowy-koszyk-bonusow\/"},"author":{"name":"aadmin","@id":"https:\/\/www.galeria-bemowo.pl\/#\/schema\/person\/391af1d41ade64b6edcf9534079b4185"},"headline":"Zimowy koszyk BONus\u00f3w w Galerii Bemowo!","datePublished":"2021-02-01T10:14:12+00:00","dateModified":"2021-02-03T14:50:39+00:00","mainEntityOfPage":{"@id":"https:\/\/www.galeria-bemowo.pl\/wydarzenia\/zimowy-koszyk-bonusow\/"},"wordCount":294,"publisher":{"@id":"https:\/\/www.galeria-bemowo.pl\/#organization"},"articleSection":["Wydarzenia"],"inLanguage":"en-US"},{"@type":"WebPage","@id":"https:\/\/www.galeria-bemowo.pl\/wydarzenia\/zimowy-koszyk-bonusow\/","url":"https:\/\/www.galeria-bemowo.pl\/wydarzenia\/zimowy-koszyk-bonusow\/","name":"Zimowy koszyk BONus\u00f3w w Galerii Bemowo! - Bemowo","isPartOf":{"@id":"https:\/\/www.galeria-bemowo.pl\/#website"},"datePublished":"2021-02-01T10:14:12+00:00","dateModified":"2021-02-03T14:50:39+00:00","breadcrumb":{"@id":"https:\/\/www.galeria-bemowo.pl\/wydarzenia\/zimowy-koszyk-bonusow\/#breadcrumb"},"inLanguage":"en-US","potentialAction":[{"@type":"ReadAction","target":["https:\/\/www.galeria-bemowo.pl\/wydarzenia\/zimowy-koszyk-bonusow\/"]}]},{"@type":"BreadcrumbList","@id":"https:\/\/www.galeria-bemowo.pl\/wydarzenia\/zimowy-koszyk-bonusow\/#breadcrumb","itemListElement":[{"@type":"ListItem","position":1,"name":"Strona g\u0142\u00f3wna","item":"https:\/\/www.galeria-bemowo.pl\/en\/"},{"@type":"ListItem","position":2,"name":"Wydarzenia","item":"https:\/\/www.galeria-bemowo.pl\/.\/wydarzenia\/"},{"@type":"ListItem","position":3,"name":"Zimowy koszyk BONus\u00f3w w&nbsp;Galerii Bemowo!"}]},{"@type":"WebSite","@id":"https:\/\/www.galeria-bemowo.pl\/#website","url":"https:\/\/www.galeria-bemowo.pl\/","name":"Bemowo","description":"","publisher":{"@id":"https:\/\/www.galeria-bemowo.pl\/#organization"},"potentialAction":[{"@type":"SearchAction","target":{"@type":"EntryPoint","urlTemplate":"https:\/\/www.galeria-bemowo.pl\/?s={search_term_string}"},"query-input":{"@type":"PropertyValueSpecification","valueRequired":true,"valueName":"search_term_string"}}],"inLanguage":"en-US"},{"@type":"Organization","@id":"https:\/\/www.galeria-bemowo.pl\/#organization","name":"Galeria Bemowo","url":"https:\/\/www.galeria-bemowo.pl\/","logo":{"@type":"ImageObject","inLanguage":"en-US","@id":"https:\/\/www.galeria-bemowo.pl\/#\/schema\/logo\/image\/","url":"https:\/\/www.galeria-bemowo.pl\/wp-content\/uploads\/2019\/08\/logo-bemowo_2.png","contentUrl":"https:\/\/www.galeria-bemowo.pl\/wp-content\/uploads\/2019\/08\/logo-bemowo_2.png","width":310,"height":217,"caption":"Galeria Bemowo"},"image":{"@id":"https:\/\/www.galeria-bemowo.pl\/#\/schema\/logo\/image\/"},"sameAs":["https:\/\/www.facebook.com\/GaleriaBemowo\/"]},{"@type":"Person","@id":"https:\/\/www.galeria-bemowo.pl\/#\/schema\/person\/391af1d41ade64b6edcf9534079b4185","name":"aadmin"}]}},"_links":{"self":[{"href":"https:\/\/www.galeria-bemowo.pl\/en\/wp-json\/wp\/v2\/posts\/3695"}],"collection":[{"href":"https:\/\/www.galeria-bemowo.pl\/en\/wp-json\/wp\/v2\/posts"}],"about":[{"href":"https:\/\/www.galeria-bemowo.pl\/en\/wp-json\/wp\/v2\/types\/post"}],"author":[{"embeddable":true,"href":"https:\/\/www.galeria-bemowo.pl\/en\/wp-json\/wp\/v2\/users\/1"}],"replies":[{"embeddable":true,"href":"https:\/\/www.galeria-bemowo.pl\/en\/wp-json\/wp\/v2\/comments?post=3695"}],"version-history":[{"count":0,"href":"https:\/\/www.galeria-bemowo.pl\/en\/wp-json\/wp\/v2\/posts\/3695\/revisions"}],"wp:attachment":[{"href":"https:\/\/www.galeria-bemowo.pl\/en\/wp-json\/wp\/v2\/media?parent=3695"}],"wp:term":[{"taxonomy":"category","embeddable":true,"href":"https:\/\/www.galeria-bemowo.pl\/en\/wp-json\/wp\/v2\/categories?post=3695"},{"taxonomy":"post_tag","embeddable":true,"href":"https:\/\/www.galeria-bemowo.pl\/en\/wp-json\/wp\/v2\/tags?post=3695"}],"curies":[{"name":"wp","href":"https:\/\/api.w.org\/{rel}","templated":true}]}}