{"id":3963,"date":"2021-04-16T12:15:24","date_gmt":"2021-04-16T10:15:24","guid":{"rendered":"https:\/\/www.galeria-bemowo.pl\/?p=3963"},"modified":"2021-04-16T12:15:24","modified_gmt":"2021-04-16T10:15:24","slug":"wejdz-do-swiata-lego-w-galerii-bemowo","status":"publish","type":"post","link":"https:\/\/www.galeria-bemowo.pl\/en\/wydarzenia\/wejdz-do-swiata-lego-w-galerii-bemowo\/","title":{"rendered":"Wejd\u017a do \u015bwiata LEGO\u00ae w Galerii Bemowo"},"content":{"rendered":"<p><strong>W ostatni weekend kwietnia, czyli w dniach 24-25 kwietnia 2021, w Galerii Bemowo odb\u0119dzie si\u0119 wystawa autorskich modeli i makiet zbudowanych z klock\u00f3w LEGO\u00ae. Zwiedzaj\u0105cy zobacz\u0105 m.in. makiet\u0119 Dzikiego Zachodu z miasteczkiem, pirack\u0105 bitw\u0119 morsk\u0105 czy modele znane z filmu \u201eGwiezdne Wojny\u201d. Organizatorem wydarzenia s\u0105 AFOLe (Adult Fan of Lego, czyli doro\u015bli fani LEGO\u00ae), zrzeszeni w klubie WAWLUG.<\/strong><\/p>\n<p>Najpopularniejsze klocki \u015bwiata ponownie zagoszcz\u0105 w Galerii Bemowo. Ju\u017c w dniach 24-25 kwietnia 2021 w Galerii Bemowo b\u0119dzie mo\u017cna zobaczy\u0107 autorskie rozwi\u0105zania konstrukcyjno-techniczne i wiele makiet wykonanych w 100% z klock\u00f3w LEGO\u00ae. Zaprezentowane projekty zaskocz\u0105 wszystkich odwiedzaj\u0105cych kreatywno\u015bci\u0105 i pomys\u0142owo\u015bci\u0105, detalami wyko\u0144czenia oraz rzeczywistym odwzorowaniem orygina\u0142\u00f3w. W\u015br\u00f3d obiekt\u00f3w do podziwiania znajd\u0105 si\u0119 m.in. makieta Dzikiego Zachodu z miasteczkiem, piracka bitwa morska, modele znane z Gwiezdnych Wojen, makieta miasteczka z poci\u0105gami i wiele innych!<\/p>\n<p>Na uczestnik\u00f3w wydarzenia czekaj\u0105 instrukcje budowy kilku ciekawych modeli z klock\u00f3w LEGO\u00ae. m.in. Fiata 126P, kt\u00f3re b\u0119d\u0105 idealn\u0105 inspiracj\u0105 do samodzielnej zabawy z klockami w domowym zaciszu.<\/p>\n<p>Wystaw\u0119 b\u0119dzie mo\u017cna ogl\u0105da\u0107 bezp\u0142atnie w sobot\u0119 24 kwietnia 2021 w godzinach 10.00-21.00 oraz w niedziel\u0119 25 kwietnia 2021 w godzinach 9.00-16.00 w Spotykalni na I pi\u0119trze Galerii Bemowo (obok Pepco i Biblioteki).<\/p>\n<p>Wydarzeniu towarzyszy konkurs \u201eGwiezdna przygoda z LEGO\u00ae\u201d organizowany na Facebooku Galerii Bemowo. Zadaniem uczestnik\u00f3w zabawy jest zbudowanie z maksymalnie 100 klock\u00f3w LEGO\u00ae konstrukcji w klimacie \u201eGwiezdnych Wojen\u201d. Konkurs odb\u0119dzie si\u0119 w dniach 20 kwietnia \u2013 4 maja, a na autor\u00f3w trzech najciekawszych zg\u0142osze\u0144 czekaj\u0105 zestawy klock\u00f3w LEGO\u00ae.<\/p>\n<p>Galeria Be\u00admo\u00adwo co\u00addzien\u00adnie do\u00adk\u0142a\u00adda\u00ad sta\u00adra\u0144, aby za\u00adpew\u00adni\u0107 swoim klien\u00adtom naj\u00adwy\u017c\u00adsze standardy bezpie\u00adcze\u0144\u00adstwa i\u00a0kom\u00adfort za\u00adku\u00adp\u00f3w. Wi\u0119cej informacji na temat stosowanych rozwi\u0105za\u0144 zwi\u0119kszaj\u0105cych bezpiecze\u0144stwo mo\u017cna znale\u017a\u0107 tutaj: <a href=\"https:\/\/www.galeria-bemowo.pl\/bezpieczne-zakupy\/\">https:\/\/www.galeria-bemowo.pl\/bezpieczne-zakupy\/<\/a>.<\/p>\n","protected":false},"excerpt":{"rendered":"<p>W ostatni weekend kwietnia, czyli w dniach 24-25 kwietnia 2021, w Galerii Bemowo odb\u0119dzie si\u0119 wystawa autorskich modeli i makiet zbudowanych z klock\u00f3w LEGO\u00ae. Zwiedzaj\u0105cy zobacz\u0105 m.in. makiet\u0119 Dzikiego Zachodu [&hellip;]<\/p>\n","protected":false},"author":1,"featured_media":0,"comment_status":"closed","ping_status":"closed","sticky":false,"template":"","format":"standard","meta":{"_acf_changed":false,"footnotes":""},"categories":[15],"tags":[],"class_list":["post-3963","post","type-post","status-publish","format-standard","hentry","category-wydarzenia"],"acf":[],"yoast_head":"<!-- This site is optimized with the Yoast SEO plugin v23.4 - https:\/\/yoast.com\/wordpress\/plugins\/seo\/ -->\n<title>Wejd\u017a do \u015bwiata LEGO\u00ae w Galerii Bemowo - Bemowo<\/title>\n<meta name=\"robots\" content=\"index, follow, max-snippet:-1, max-image-preview:large, max-video-preview:-1\" \/>\n<link rel=\"canonical\" href=\"https:\/\/www.galeria-bemowo.pl\/wydarzenia\/wejdz-do-swiata-lego-w-galerii-bemowo\/\" \/>\n<meta property=\"og:locale\" content=\"en_US\" \/>\n<meta property=\"og:type\" content=\"article\" \/>\n<meta property=\"og:title\" content=\"Wejd\u017a do \u015bwiata LEGO\u00ae w Galerii Bemowo - Bemowo\" \/>\n<meta property=\"og:description\" content=\"W ostatni weekend kwietnia, czyli w dniach 24-25 kwietnia 2021, w Galerii Bemowo odb\u0119dzie si\u0119 wystawa autorskich modeli i makiet zbudowanych z klock\u00f3w LEGO\u00ae. Zwiedzaj\u0105cy zobacz\u0105 m.in. makiet\u0119 Dzikiego Zachodu [&hellip;]\" \/>\n<meta property=\"og:url\" content=\"https:\/\/www.galeria-bemowo.pl\/wydarzenia\/wejdz-do-swiata-lego-w-galerii-bemowo\/\" \/>\n<meta property=\"og:site_name\" content=\"Bemowo\" \/>\n<meta property=\"article:publisher\" content=\"https:\/\/www.facebook.com\/GaleriaBemowo\/\" \/>\n<meta property=\"article:published_time\" content=\"2021-04-16T10:15:24+00:00\" \/>\n<meta property=\"og:image\" content=\"https:\/\/www.galeria-bemowo.pl\/wp-content\/uploads\/2019\/08\/logo-bemowo_2.png\" \/>\n\t<meta property=\"og:image:width\" content=\"310\" \/>\n\t<meta property=\"og:image:height\" content=\"217\" \/>\n\t<meta property=\"og:image:type\" content=\"image\/png\" \/>\n<meta name=\"author\" content=\"aadmin\" \/>\n<meta name=\"twitter:card\" content=\"summary_large_image\" \/>\n<meta name=\"twitter:label1\" content=\"Written by\" \/>\n\t<meta name=\"twitter:data1\" content=\"aadmin\" \/>\n\t<meta name=\"twitter:label2\" content=\"Est. reading time\" \/>\n\t<meta name=\"twitter:data2\" content=\"2 minutes\" \/>\n<script type=\"application\/ld+json\" class=\"yoast-schema-graph\">{\"@context\":\"https:\/\/schema.org\",\"@graph\":[{\"@type\":\"Article\",\"@id\":\"https:\/\/www.galeria-bemowo.pl\/wydarzenia\/wejdz-do-swiata-lego-w-galerii-bemowo\/#article\",\"isPartOf\":{\"@id\":\"https:\/\/www.galeria-bemowo.pl\/wydarzenia\/wejdz-do-swiata-lego-w-galerii-bemowo\/\"},\"author\":{\"name\":\"aadmin\",\"@id\":\"https:\/\/www.galeria-bemowo.pl\/#\/schema\/person\/391af1d41ade64b6edcf9534079b4185\"},\"headline\":\"Wejd\u017a do \u015bwiata LEGO\u00ae w Galerii Bemowo\",\"datePublished\":\"2021-04-16T10:15:24+00:00\",\"dateModified\":\"2021-04-16T10:15:24+00:00\",\"mainEntityOfPage\":{\"@id\":\"https:\/\/www.galeria-bemowo.pl\/wydarzenia\/wejdz-do-swiata-lego-w-galerii-bemowo\/\"},\"wordCount\":326,\"publisher\":{\"@id\":\"https:\/\/www.galeria-bemowo.pl\/#organization\"},\"articleSection\":[\"Wydarzenia\"],\"inLanguage\":\"en-US\"},{\"@type\":\"WebPage\",\"@id\":\"https:\/\/www.galeria-bemowo.pl\/wydarzenia\/wejdz-do-swiata-lego-w-galerii-bemowo\/\",\"url\":\"https:\/\/www.galeria-bemowo.pl\/wydarzenia\/wejdz-do-swiata-lego-w-galerii-bemowo\/\",\"name\":\"Wejd\u017a do \u015bwiata LEGO\u00ae w Galerii Bemowo - Bemowo\",\"isPartOf\":{\"@id\":\"https:\/\/www.galeria-bemowo.pl\/#website\"},\"datePublished\":\"2021-04-16T10:15:24+00:00\",\"dateModified\":\"2021-04-16T10:15:24+00:00\",\"breadcrumb\":{\"@id\":\"https:\/\/www.galeria-bemowo.pl\/wydarzenia\/wejdz-do-swiata-lego-w-galerii-bemowo\/#breadcrumb\"},\"inLanguage\":\"en-US\",\"potentialAction\":[{\"@type\":\"ReadAction\",\"target\":[\"https:\/\/www.galeria-bemowo.pl\/wydarzenia\/wejdz-do-swiata-lego-w-galerii-bemowo\/\"]}]},{\"@type\":\"BreadcrumbList\",\"@id\":\"https:\/\/www.galeria-bemowo.pl\/wydarzenia\/wejdz-do-swiata-lego-w-galerii-bemowo\/#breadcrumb\",\"itemListElement\":[{\"@type\":\"ListItem\",\"position\":1,\"name\":\"Strona g\u0142\u00f3wna\",\"item\":\"https:\/\/www.galeria-bemowo.pl\/en\/\"},{\"@type\":\"ListItem\",\"position\":2,\"name\":\"Wydarzenia\",\"item\":\"https:\/\/www.galeria-bemowo.pl\/.\/wydarzenia\/\"},{\"@type\":\"ListItem\",\"position\":3,\"name\":\"Wejd\u017a do&nbsp;\u015bwiata LEGO\u00ae w&nbsp;Galerii Bemowo\"}]},{\"@type\":\"WebSite\",\"@id\":\"https:\/\/www.galeria-bemowo.pl\/#website\",\"url\":\"https:\/\/www.galeria-bemowo.pl\/\",\"name\":\"Bemowo\",\"description\":\"\",\"publisher\":{\"@id\":\"https:\/\/www.galeria-bemowo.pl\/#organization\"},\"potentialAction\":[{\"@type\":\"SearchAction\",\"target\":{\"@type\":\"EntryPoint\",\"urlTemplate\":\"https:\/\/www.galeria-bemowo.pl\/?s={search_term_string}\"},\"query-input\":{\"@type\":\"PropertyValueSpecification\",\"valueRequired\":true,\"valueName\":\"search_term_string\"}}],\"inLanguage\":\"en-US\"},{\"@type\":\"Organization\",\"@id\":\"https:\/\/www.galeria-bemowo.pl\/#organization\",\"name\":\"Galeria Bemowo\",\"url\":\"https:\/\/www.galeria-bemowo.pl\/\",\"logo\":{\"@type\":\"ImageObject\",\"inLanguage\":\"en-US\",\"@id\":\"https:\/\/www.galeria-bemowo.pl\/#\/schema\/logo\/image\/\",\"url\":\"https:\/\/www.galeria-bemowo.pl\/wp-content\/uploads\/2019\/08\/logo-bemowo_2.png\",\"contentUrl\":\"https:\/\/www.galeria-bemowo.pl\/wp-content\/uploads\/2019\/08\/logo-bemowo_2.png\",\"width\":310,\"height\":217,\"caption\":\"Galeria Bemowo\"},\"image\":{\"@id\":\"https:\/\/www.galeria-bemowo.pl\/#\/schema\/logo\/image\/\"},\"sameAs\":[\"https:\/\/www.facebook.com\/GaleriaBemowo\/\"]},{\"@type\":\"Person\",\"@id\":\"https:\/\/www.galeria-bemowo.pl\/#\/schema\/person\/391af1d41ade64b6edcf9534079b4185\",\"name\":\"aadmin\"}]}<\/script>\n<!-- \/ Yoast SEO plugin. -->","yoast_head_json":{"title":"Wejd\u017a do \u015bwiata LEGO\u00ae w Galerii Bemowo - Bemowo","robots":{"index":"index","follow":"follow","max-snippet":"max-snippet:-1","max-image-preview":"max-image-preview:large","max-video-preview":"max-video-preview:-1"},"canonical":"https:\/\/www.galeria-bemowo.pl\/wydarzenia\/wejdz-do-swiata-lego-w-galerii-bemowo\/","og_locale":"en_US","og_type":"article","og_title":"Wejd\u017a do \u015bwiata LEGO\u00ae w Galerii Bemowo - Bemowo","og_description":"W ostatni weekend kwietnia, czyli w dniach 24-25 kwietnia 2021, w Galerii Bemowo odb\u0119dzie si\u0119 wystawa autorskich modeli i makiet zbudowanych z klock\u00f3w LEGO\u00ae. Zwiedzaj\u0105cy zobacz\u0105 m.in. makiet\u0119 Dzikiego Zachodu [&hellip;]","og_url":"https:\/\/www.galeria-bemowo.pl\/wydarzenia\/wejdz-do-swiata-lego-w-galerii-bemowo\/","og_site_name":"Bemowo","article_publisher":"https:\/\/www.facebook.com\/GaleriaBemowo\/","article_published_time":"2021-04-16T10:15:24+00:00","og_image":[{"width":310,"height":217,"url":"https:\/\/www.galeria-bemowo.pl\/wp-content\/uploads\/2019\/08\/logo-bemowo_2.png","type":"image\/png"}],"author":"aadmin","twitter_card":"summary_large_image","twitter_misc":{"Written by":"aadmin","Est. reading time":"2 minutes"},"schema":{"@context":"https:\/\/schema.org","@graph":[{"@type":"Article","@id":"https:\/\/www.galeria-bemowo.pl\/wydarzenia\/wejdz-do-swiata-lego-w-galerii-bemowo\/#article","isPartOf":{"@id":"https:\/\/www.galeria-bemowo.pl\/wydarzenia\/wejdz-do-swiata-lego-w-galerii-bemowo\/"},"author":{"name":"aadmin","@id":"https:\/\/www.galeria-bemowo.pl\/#\/schema\/person\/391af1d41ade64b6edcf9534079b4185"},"headline":"Wejd\u017a do \u015bwiata LEGO\u00ae w Galerii Bemowo","datePublished":"2021-04-16T10:15:24+00:00","dateModified":"2021-04-16T10:15:24+00:00","mainEntityOfPage":{"@id":"https:\/\/www.galeria-bemowo.pl\/wydarzenia\/wejdz-do-swiata-lego-w-galerii-bemowo\/"},"wordCount":326,"publisher":{"@id":"https:\/\/www.galeria-bemowo.pl\/#organization"},"articleSection":["Wydarzenia"],"inLanguage":"en-US"},{"@type":"WebPage","@id":"https:\/\/www.galeria-bemowo.pl\/wydarzenia\/wejdz-do-swiata-lego-w-galerii-bemowo\/","url":"https:\/\/www.galeria-bemowo.pl\/wydarzenia\/wejdz-do-swiata-lego-w-galerii-bemowo\/","name":"Wejd\u017a do \u015bwiata LEGO\u00ae w Galerii Bemowo - Bemowo","isPartOf":{"@id":"https:\/\/www.galeria-bemowo.pl\/#website"},"datePublished":"2021-04-16T10:15:24+00:00","dateModified":"2021-04-16T10:15:24+00:00","breadcrumb":{"@id":"https:\/\/www.galeria-bemowo.pl\/wydarzenia\/wejdz-do-swiata-lego-w-galerii-bemowo\/#breadcrumb"},"inLanguage":"en-US","potentialAction":[{"@type":"ReadAction","target":["https:\/\/www.galeria-bemowo.pl\/wydarzenia\/wejdz-do-swiata-lego-w-galerii-bemowo\/"]}]},{"@type":"BreadcrumbList","@id":"https:\/\/www.galeria-bemowo.pl\/wydarzenia\/wejdz-do-swiata-lego-w-galerii-bemowo\/#breadcrumb","itemListElement":[{"@type":"ListItem","position":1,"name":"Strona g\u0142\u00f3wna","item":"https:\/\/www.galeria-bemowo.pl\/en\/"},{"@type":"ListItem","position":2,"name":"Wydarzenia","item":"https:\/\/www.galeria-bemowo.pl\/.\/wydarzenia\/"},{"@type":"ListItem","position":3,"name":"Wejd\u017a do&nbsp;\u015bwiata LEGO\u00ae w&nbsp;Galerii Bemowo"}]},{"@type":"WebSite","@id":"https:\/\/www.galeria-bemowo.pl\/#website","url":"https:\/\/www.galeria-bemowo.pl\/","name":"Bemowo","description":"","publisher":{"@id":"https:\/\/www.galeria-bemowo.pl\/#organization"},"potentialAction":[{"@type":"SearchAction","target":{"@type":"EntryPoint","urlTemplate":"https:\/\/www.galeria-bemowo.pl\/?s={search_term_string}"},"query-input":{"@type":"PropertyValueSpecification","valueRequired":true,"valueName":"search_term_string"}}],"inLanguage":"en-US"},{"@type":"Organization","@id":"https:\/\/www.galeria-bemowo.pl\/#organization","name":"Galeria Bemowo","url":"https:\/\/www.galeria-bemowo.pl\/","logo":{"@type":"ImageObject","inLanguage":"en-US","@id":"https:\/\/www.galeria-bemowo.pl\/#\/schema\/logo\/image\/","url":"https:\/\/www.galeria-bemowo.pl\/wp-content\/uploads\/2019\/08\/logo-bemowo_2.png","contentUrl":"https:\/\/www.galeria-bemowo.pl\/wp-content\/uploads\/2019\/08\/logo-bemowo_2.png","width":310,"height":217,"caption":"Galeria Bemowo"},"image":{"@id":"https:\/\/www.galeria-bemowo.pl\/#\/schema\/logo\/image\/"},"sameAs":["https:\/\/www.facebook.com\/GaleriaBemowo\/"]},{"@type":"Person","@id":"https:\/\/www.galeria-bemowo.pl\/#\/schema\/person\/391af1d41ade64b6edcf9534079b4185","name":"aadmin"}]}},"_links":{"self":[{"href":"https:\/\/www.galeria-bemowo.pl\/en\/wp-json\/wp\/v2\/posts\/3963"}],"collection":[{"href":"https:\/\/www.galeria-bemowo.pl\/en\/wp-json\/wp\/v2\/posts"}],"about":[{"href":"https:\/\/www.galeria-bemowo.pl\/en\/wp-json\/wp\/v2\/types\/post"}],"author":[{"embeddable":true,"href":"https:\/\/www.galeria-bemowo.pl\/en\/wp-json\/wp\/v2\/users\/1"}],"replies":[{"embeddable":true,"href":"https:\/\/www.galeria-bemowo.pl\/en\/wp-json\/wp\/v2\/comments?post=3963"}],"version-history":[{"count":0,"href":"https:\/\/www.galeria-bemowo.pl\/en\/wp-json\/wp\/v2\/posts\/3963\/revisions"}],"wp:attachment":[{"href":"https:\/\/www.galeria-bemowo.pl\/en\/wp-json\/wp\/v2\/media?parent=3963"}],"wp:term":[{"taxonomy":"category","embeddable":true,"href":"https:\/\/www.galeria-bemowo.pl\/en\/wp-json\/wp\/v2\/categories?post=3963"},{"taxonomy":"post_tag","embeddable":true,"href":"https:\/\/www.galeria-bemowo.pl\/en\/wp-json\/wp\/v2\/tags?post=3963"}],"curies":[{"name":"wp","href":"https:\/\/api.w.org\/{rel}","templated":true}]}}