{"id":4392,"date":"2021-09-02T11:05:24","date_gmt":"2021-09-02T09:05:24","guid":{"rendered":"https:\/\/www.galeria-bemowo.pl\/?p=4392"},"modified":"2021-09-02T11:05:24","modified_gmt":"2021-09-02T09:05:24","slug":"jarmark-w-galerii-bemowo-4","status":"publish","type":"post","link":"https:\/\/www.galeria-bemowo.pl\/en\/wydarzenia\/jarmark-w-galerii-bemowo-4\/","title":{"rendered":"Jarmark w Galerii Bemowo"},"content":{"rendered":"<p>Za\u00ad\u00adpra\u00ad\u00adsza\u00ad\u00admy na Ja\u00adr\u00admark do Ga\u00ad\u00adle\u00ad\u00adrii Be\u00ad\u00admo\u00ad\u00adwo w\u00a0po\u00ad\u00adda\u00ad\u00adnych po\u00ad\u00adni\u00ad\u00ad\u017cej te\u00adr\u00admi\u00ad\u00adnach:<\/p>\n<ul>\n<li>1-4 wrze\u015bnia 2021 r.<\/li>\n<li>15-18 wrze\u015bnia 2021 r.<\/li>\n<li>13-16 pa\u017adziernika 2021 r.<\/li>\n<li>27-30 pa\u017adziernika 2021 r.<\/li>\n<li>24-27 listopada 2021 r.<\/li>\n<li>8-23 grudnia 2021 r. \u2013 Jarmark Bo\u017conarodzeniowy<\/li>\n<\/ul>\n<p>Na Ja\u00adr\u00adma\u00adr\u00adku zna\u00adj\u00addzie\u00ad\u00adcie po\u00adl\u00adsk\u0105 \u017cy\u00adw\u00adno\u015b\u0107 naj\u00adwy\u00ad\u017c\u00adszej ja\u00ad\u00adko\u00ad\u00ad\u00ad\u015bci \u2013 chle\u00ad\u00adby na za\u00ad\u00adkwa\u00ad\u00adsie, sma\u00ad\u00adlec wie\u00adj\u00adski, oscy\u00adp\u00adki z\u00a0Ba\u00ad\u00adc\u00f3\u00adw\u00adki, se\u00ad\u00adry do\u00adj\u00adrze\u00ad\u00adwa\u00ad\u00adj\u0105\u00ad\u00adce, w\u0119\u00ad\u00addli\u00ad\u00adny z\u00a0Po\u00ad\u00addla\u00ad\u00adsia, mio\u00ad\u00addy z\u00a0pa\u00ad\u00adsie\u00ad\u00adki, na\u00ad\u00adtu\u00ad\u00adra\u00adl\u00adne cia\u00ad\u00adsta i\u00a0prze\u00ad\u00adtwo\u00ad\u00adry.<\/p>\n<p>W\u015br\u00f3d wy\u00ad\u00adsta\u00adw\u00adc\u00f3w ta\u00adk\u00ad\u017ce r\u0119\u00ad\u00adko\u00ad\u00addzie\u00ad\u00ad\u0142o ar\u00adty\u00ad\u00adsty\u00adcz\u00adne!<\/p>\n<p>Gdzie: Ga\u00ad\u00adle\u00ad\u00adria Be\u00ad\u00admo\u00ad\u00adwo, po\u00ad\u00adziom 1, stre\u00ad\u00adfa re\u00ad\u00adstau\u00ad\u00adra\u00ad\u00adcy\u00adj\u00adna<\/p>\n\t<div id=\"gallery\">\t<div class=\"rgg_imagegrid \" rgg_id=\"1\">\t\t\n<a rel=\"rgg\" data-fancybox=\"gallery1\" href=\"https:\/\/www.galeria-bemowo.pl\/wp-content\/uploads\/2021\/09\/bemowo-jarmark-2-polrocze-2021-548x1024.jpg\" title=\"\"><div style=\"float:left;position:relative\"><img loading=\"lazy\" decoding=\"async\" width=\"548\" height=\"1024\" src=\"https:\/\/www.galeria-bemowo.pl\/wp-content\/uploads\/2021\/09\/bemowo-jarmark-2-polrocze-2021-548x1024.jpg\" class=\"attachment-large size-large\" alt=\"\" srcset=\"https:\/\/www.galeria-bemowo.pl\/wp-content\/uploads\/2021\/09\/bemowo-jarmark-2-polrocze-2021-548x1024.jpg 548w, https:\/\/www.galeria-bemowo.pl\/wp-content\/uploads\/2021\/09\/bemowo-jarmark-2-polrocze-2021-161x300.jpg 161w, https:\/\/www.galeria-bemowo.pl\/wp-content\/uploads\/2021\/09\/bemowo-jarmark-2-polrocze-2021-768x1435.jpg 768w, https:\/\/www.galeria-bemowo.pl\/wp-content\/uploads\/2021\/09\/bemowo-jarmark-2-polrocze-2021.jpg 1080w\" sizes=\"(max-width: 548px) 100vw, 548px\" \/><\/div><\/a>\t<\/div>\n\t<\/div>\t<div style=\"clear:both\"><\/div>\n\n","protected":false},"excerpt":{"rendered":"<p>Za\u00ad\u00adpra\u00ad\u00adsza\u00ad\u00admy na Ja\u00adr\u00admark do Ga\u00ad\u00adle\u00ad\u00adrii Be\u00ad\u00admo\u00ad\u00adwo w\u00a0po\u00ad\u00adda\u00ad\u00adnych po\u00ad\u00adni\u00ad\u00ad\u017cej te\u00adr\u00admi\u00ad\u00adnach: 1-4 wrze\u015bnia 2021 r. 15-18 wrze\u015bnia 2021 r. 13-16 pa\u017adziernika 2021 r. 27-30 pa\u017adziernika 2021 r. 24-27 listopada 2021 r. 8-23 [&hellip;]<\/p>\n","protected":false},"author":1,"featured_media":0,"comment_status":"closed","ping_status":"closed","sticky":false,"template":"","format":"standard","meta":{"_acf_changed":false,"footnotes":""},"categories":[15],"tags":[],"class_list":["post-4392","post","type-post","status-publish","format-standard","hentry","category-wydarzenia"],"acf":[],"yoast_head":"<!-- This site is optimized with the Yoast SEO plugin v23.4 - https:\/\/yoast.com\/wordpress\/plugins\/seo\/ -->\n<title>Jarmark w Galerii Bemowo - Bemowo<\/title>\n<meta name=\"robots\" content=\"index, follow, max-snippet:-1, max-image-preview:large, max-video-preview:-1\" \/>\n<link rel=\"canonical\" href=\"https:\/\/www.galeria-bemowo.pl\/wydarzenia\/jarmark-w-galerii-bemowo-4\/\" \/>\n<meta property=\"og:locale\" content=\"en_US\" \/>\n<meta property=\"og:type\" content=\"article\" \/>\n<meta property=\"og:title\" content=\"Jarmark w Galerii Bemowo - Bemowo\" \/>\n<meta property=\"og:description\" content=\"Za\u00ad\u00adpra\u00ad\u00adsza\u00ad\u00admy na Ja\u00adr\u00admark do Ga\u00ad\u00adle\u00ad\u00adrii Be\u00ad\u00admo\u00ad\u00adwo w\u00a0po\u00ad\u00adda\u00ad\u00adnych po\u00ad\u00adni\u00ad\u00ad\u017cej te\u00adr\u00admi\u00ad\u00adnach: 1-4 wrze\u015bnia 2021 r. 15-18 wrze\u015bnia 2021 r. 13-16 pa\u017adziernika 2021 r. 27-30 pa\u017adziernika 2021 r. 24-27 listopada 2021 r. 8-23 [&hellip;]\" \/>\n<meta property=\"og:url\" content=\"https:\/\/www.galeria-bemowo.pl\/wydarzenia\/jarmark-w-galerii-bemowo-4\/\" \/>\n<meta property=\"og:site_name\" content=\"Bemowo\" \/>\n<meta property=\"article:publisher\" content=\"https:\/\/www.facebook.com\/GaleriaBemowo\/\" \/>\n<meta property=\"article:published_time\" content=\"2021-09-02T09:05:24+00:00\" \/>\n<meta property=\"og:image\" content=\"https:\/\/www.galeria-bemowo.pl\/wp-content\/uploads\/2021\/09\/bemowo-jarmark-2-polrocze-2021-548x1024.jpg\" \/>\n<meta name=\"author\" content=\"aadmin\" \/>\n<meta name=\"twitter:card\" content=\"summary_large_image\" \/>\n<meta name=\"twitter:label1\" content=\"Written by\" \/>\n\t<meta name=\"twitter:data1\" content=\"aadmin\" \/>\n\t<meta name=\"twitter:label2\" content=\"Est. reading time\" \/>\n\t<meta name=\"twitter:data2\" content=\"1 minute\" \/>\n<script type=\"application\/ld+json\" class=\"yoast-schema-graph\">{\"@context\":\"https:\/\/schema.org\",\"@graph\":[{\"@type\":\"Article\",\"@id\":\"https:\/\/www.galeria-bemowo.pl\/wydarzenia\/jarmark-w-galerii-bemowo-4\/#article\",\"isPartOf\":{\"@id\":\"https:\/\/www.galeria-bemowo.pl\/wydarzenia\/jarmark-w-galerii-bemowo-4\/\"},\"author\":{\"name\":\"aadmin\",\"@id\":\"https:\/\/www.galeria-bemowo.pl\/#\/schema\/person\/391af1d41ade64b6edcf9534079b4185\"},\"headline\":\"Jarmark w Galerii Bemowo\",\"datePublished\":\"2021-09-02T09:05:24+00:00\",\"dateModified\":\"2021-09-02T09:05:24+00:00\",\"mainEntityOfPage\":{\"@id\":\"https:\/\/www.galeria-bemowo.pl\/wydarzenia\/jarmark-w-galerii-bemowo-4\/\"},\"wordCount\":168,\"publisher\":{\"@id\":\"https:\/\/www.galeria-bemowo.pl\/#organization\"},\"articleSection\":[\"Wydarzenia\"],\"inLanguage\":\"en-US\"},{\"@type\":\"WebPage\",\"@id\":\"https:\/\/www.galeria-bemowo.pl\/wydarzenia\/jarmark-w-galerii-bemowo-4\/\",\"url\":\"https:\/\/www.galeria-bemowo.pl\/wydarzenia\/jarmark-w-galerii-bemowo-4\/\",\"name\":\"Jarmark w Galerii Bemowo - Bemowo\",\"isPartOf\":{\"@id\":\"https:\/\/www.galeria-bemowo.pl\/#website\"},\"datePublished\":\"2021-09-02T09:05:24+00:00\",\"dateModified\":\"2021-09-02T09:05:24+00:00\",\"breadcrumb\":{\"@id\":\"https:\/\/www.galeria-bemowo.pl\/wydarzenia\/jarmark-w-galerii-bemowo-4\/#breadcrumb\"},\"inLanguage\":\"en-US\",\"potentialAction\":[{\"@type\":\"ReadAction\",\"target\":[\"https:\/\/www.galeria-bemowo.pl\/wydarzenia\/jarmark-w-galerii-bemowo-4\/\"]}]},{\"@type\":\"BreadcrumbList\",\"@id\":\"https:\/\/www.galeria-bemowo.pl\/wydarzenia\/jarmark-w-galerii-bemowo-4\/#breadcrumb\",\"itemListElement\":[{\"@type\":\"ListItem\",\"position\":1,\"name\":\"Strona g\u0142\u00f3wna\",\"item\":\"https:\/\/www.galeria-bemowo.pl\/en\/\"},{\"@type\":\"ListItem\",\"position\":2,\"name\":\"Wydarzenia\",\"item\":\"https:\/\/www.galeria-bemowo.pl\/.\/wydarzenia\/\"},{\"@type\":\"ListItem\",\"position\":3,\"name\":\"Jarmark w&nbsp;Galerii Bemowo\"}]},{\"@type\":\"WebSite\",\"@id\":\"https:\/\/www.galeria-bemowo.pl\/#website\",\"url\":\"https:\/\/www.galeria-bemowo.pl\/\",\"name\":\"Bemowo\",\"description\":\"\",\"publisher\":{\"@id\":\"https:\/\/www.galeria-bemowo.pl\/#organization\"},\"potentialAction\":[{\"@type\":\"SearchAction\",\"target\":{\"@type\":\"EntryPoint\",\"urlTemplate\":\"https:\/\/www.galeria-bemowo.pl\/?s={search_term_string}\"},\"query-input\":{\"@type\":\"PropertyValueSpecification\",\"valueRequired\":true,\"valueName\":\"search_term_string\"}}],\"inLanguage\":\"en-US\"},{\"@type\":\"Organization\",\"@id\":\"https:\/\/www.galeria-bemowo.pl\/#organization\",\"name\":\"Galeria Bemowo\",\"url\":\"https:\/\/www.galeria-bemowo.pl\/\",\"logo\":{\"@type\":\"ImageObject\",\"inLanguage\":\"en-US\",\"@id\":\"https:\/\/www.galeria-bemowo.pl\/#\/schema\/logo\/image\/\",\"url\":\"https:\/\/www.galeria-bemowo.pl\/wp-content\/uploads\/2019\/08\/logo-bemowo_2.png\",\"contentUrl\":\"https:\/\/www.galeria-bemowo.pl\/wp-content\/uploads\/2019\/08\/logo-bemowo_2.png\",\"width\":310,\"height\":217,\"caption\":\"Galeria Bemowo\"},\"image\":{\"@id\":\"https:\/\/www.galeria-bemowo.pl\/#\/schema\/logo\/image\/\"},\"sameAs\":[\"https:\/\/www.facebook.com\/GaleriaBemowo\/\"]},{\"@type\":\"Person\",\"@id\":\"https:\/\/www.galeria-bemowo.pl\/#\/schema\/person\/391af1d41ade64b6edcf9534079b4185\",\"name\":\"aadmin\"}]}<\/script>\n<!-- \/ Yoast SEO plugin. -->","yoast_head_json":{"title":"Jarmark w Galerii Bemowo - Bemowo","robots":{"index":"index","follow":"follow","max-snippet":"max-snippet:-1","max-image-preview":"max-image-preview:large","max-video-preview":"max-video-preview:-1"},"canonical":"https:\/\/www.galeria-bemowo.pl\/wydarzenia\/jarmark-w-galerii-bemowo-4\/","og_locale":"en_US","og_type":"article","og_title":"Jarmark w Galerii Bemowo - Bemowo","og_description":"Za\u00ad\u00adpra\u00ad\u00adsza\u00ad\u00admy na Ja\u00adr\u00admark do Ga\u00ad\u00adle\u00ad\u00adrii Be\u00ad\u00admo\u00ad\u00adwo w\u00a0po\u00ad\u00adda\u00ad\u00adnych po\u00ad\u00adni\u00ad\u00ad\u017cej te\u00adr\u00admi\u00ad\u00adnach: 1-4 wrze\u015bnia 2021 r. 15-18 wrze\u015bnia 2021 r. 13-16 pa\u017adziernika 2021 r. 27-30 pa\u017adziernika 2021 r. 24-27 listopada 2021 r. 8-23 [&hellip;]","og_url":"https:\/\/www.galeria-bemowo.pl\/wydarzenia\/jarmark-w-galerii-bemowo-4\/","og_site_name":"Bemowo","article_publisher":"https:\/\/www.facebook.com\/GaleriaBemowo\/","article_published_time":"2021-09-02T09:05:24+00:00","og_image":[{"url":"https:\/\/www.galeria-bemowo.pl\/wp-content\/uploads\/2021\/09\/bemowo-jarmark-2-polrocze-2021-548x1024.jpg"}],"author":"aadmin","twitter_card":"summary_large_image","twitter_misc":{"Written by":"aadmin","Est. reading time":"1 minute"},"schema":{"@context":"https:\/\/schema.org","@graph":[{"@type":"Article","@id":"https:\/\/www.galeria-bemowo.pl\/wydarzenia\/jarmark-w-galerii-bemowo-4\/#article","isPartOf":{"@id":"https:\/\/www.galeria-bemowo.pl\/wydarzenia\/jarmark-w-galerii-bemowo-4\/"},"author":{"name":"aadmin","@id":"https:\/\/www.galeria-bemowo.pl\/#\/schema\/person\/391af1d41ade64b6edcf9534079b4185"},"headline":"Jarmark w Galerii Bemowo","datePublished":"2021-09-02T09:05:24+00:00","dateModified":"2021-09-02T09:05:24+00:00","mainEntityOfPage":{"@id":"https:\/\/www.galeria-bemowo.pl\/wydarzenia\/jarmark-w-galerii-bemowo-4\/"},"wordCount":168,"publisher":{"@id":"https:\/\/www.galeria-bemowo.pl\/#organization"},"articleSection":["Wydarzenia"],"inLanguage":"en-US"},{"@type":"WebPage","@id":"https:\/\/www.galeria-bemowo.pl\/wydarzenia\/jarmark-w-galerii-bemowo-4\/","url":"https:\/\/www.galeria-bemowo.pl\/wydarzenia\/jarmark-w-galerii-bemowo-4\/","name":"Jarmark w Galerii Bemowo - Bemowo","isPartOf":{"@id":"https:\/\/www.galeria-bemowo.pl\/#website"},"datePublished":"2021-09-02T09:05:24+00:00","dateModified":"2021-09-02T09:05:24+00:00","breadcrumb":{"@id":"https:\/\/www.galeria-bemowo.pl\/wydarzenia\/jarmark-w-galerii-bemowo-4\/#breadcrumb"},"inLanguage":"en-US","potentialAction":[{"@type":"ReadAction","target":["https:\/\/www.galeria-bemowo.pl\/wydarzenia\/jarmark-w-galerii-bemowo-4\/"]}]},{"@type":"BreadcrumbList","@id":"https:\/\/www.galeria-bemowo.pl\/wydarzenia\/jarmark-w-galerii-bemowo-4\/#breadcrumb","itemListElement":[{"@type":"ListItem","position":1,"name":"Strona g\u0142\u00f3wna","item":"https:\/\/www.galeria-bemowo.pl\/en\/"},{"@type":"ListItem","position":2,"name":"Wydarzenia","item":"https:\/\/www.galeria-bemowo.pl\/.\/wydarzenia\/"},{"@type":"ListItem","position":3,"name":"Jarmark w&nbsp;Galerii Bemowo"}]},{"@type":"WebSite","@id":"https:\/\/www.galeria-bemowo.pl\/#website","url":"https:\/\/www.galeria-bemowo.pl\/","name":"Bemowo","description":"","publisher":{"@id":"https:\/\/www.galeria-bemowo.pl\/#organization"},"potentialAction":[{"@type":"SearchAction","target":{"@type":"EntryPoint","urlTemplate":"https:\/\/www.galeria-bemowo.pl\/?s={search_term_string}"},"query-input":{"@type":"PropertyValueSpecification","valueRequired":true,"valueName":"search_term_string"}}],"inLanguage":"en-US"},{"@type":"Organization","@id":"https:\/\/www.galeria-bemowo.pl\/#organization","name":"Galeria Bemowo","url":"https:\/\/www.galeria-bemowo.pl\/","logo":{"@type":"ImageObject","inLanguage":"en-US","@id":"https:\/\/www.galeria-bemowo.pl\/#\/schema\/logo\/image\/","url":"https:\/\/www.galeria-bemowo.pl\/wp-content\/uploads\/2019\/08\/logo-bemowo_2.png","contentUrl":"https:\/\/www.galeria-bemowo.pl\/wp-content\/uploads\/2019\/08\/logo-bemowo_2.png","width":310,"height":217,"caption":"Galeria Bemowo"},"image":{"@id":"https:\/\/www.galeria-bemowo.pl\/#\/schema\/logo\/image\/"},"sameAs":["https:\/\/www.facebook.com\/GaleriaBemowo\/"]},{"@type":"Person","@id":"https:\/\/www.galeria-bemowo.pl\/#\/schema\/person\/391af1d41ade64b6edcf9534079b4185","name":"aadmin"}]}},"_links":{"self":[{"href":"https:\/\/www.galeria-bemowo.pl\/en\/wp-json\/wp\/v2\/posts\/4392"}],"collection":[{"href":"https:\/\/www.galeria-bemowo.pl\/en\/wp-json\/wp\/v2\/posts"}],"about":[{"href":"https:\/\/www.galeria-bemowo.pl\/en\/wp-json\/wp\/v2\/types\/post"}],"author":[{"embeddable":true,"href":"https:\/\/www.galeria-bemowo.pl\/en\/wp-json\/wp\/v2\/users\/1"}],"replies":[{"embeddable":true,"href":"https:\/\/www.galeria-bemowo.pl\/en\/wp-json\/wp\/v2\/comments?post=4392"}],"version-history":[{"count":0,"href":"https:\/\/www.galeria-bemowo.pl\/en\/wp-json\/wp\/v2\/posts\/4392\/revisions"}],"wp:attachment":[{"href":"https:\/\/www.galeria-bemowo.pl\/en\/wp-json\/wp\/v2\/media?parent=4392"}],"wp:term":[{"taxonomy":"category","embeddable":true,"href":"https:\/\/www.galeria-bemowo.pl\/en\/wp-json\/wp\/v2\/categories?post=4392"},{"taxonomy":"post_tag","embeddable":true,"href":"https:\/\/www.galeria-bemowo.pl\/en\/wp-json\/wp\/v2\/tags?post=4392"}],"curies":[{"name":"wp","href":"https:\/\/api.w.org\/{rel}","templated":true}]}}