{"id":6343,"date":"2023-12-08T17:24:50","date_gmt":"2023-12-08T16:24:50","guid":{"rendered":"https:\/\/www.galeria-bemowo.pl\/?p=6343"},"modified":"2023-12-14T13:38:16","modified_gmt":"2023-12-14T12:38:16","slug":"prezenty-juz-tu-sa","status":"publish","type":"post","link":"https:\/\/www.galeria-bemowo.pl\/en\/wydarzenia\/prezenty-juz-tu-sa\/","title":{"rendered":"\u015awi\u0105teczna gor\u0105czka zakup\u00f3w w Galerii Bemowo"},"content":{"rendered":"<p><strong>W sobot\u0119 16 grudnia gwiazdkowe zakupy w Galerii Bemowo up\u0142yn\u0105 pod znakiem prezent\u00f3w! To dzie\u0144, kiedy ka\u017cdy zakup zamieni si\u0119 w okazj\u0119 do otrzymania \u015bwi\u0105tecznego upominku \u2013 symbolu naszej wdzi\u0119czno\u015bci dla wszystkich klient\u00f3w.<\/strong><\/p>\n<p>Gwiazdkowa akcja to uk\u0142on w stron\u0119 mieszka\u0144c\u00f3w Bemowa, kt\u00f3rzy regularnie robi\u0105 zakupy w naszej galerii. W sobot\u0119 16 grudnia w godz. 12.00-18.00 zakupy za min. 150 z\u0142otych (mo\u017cna \u0142\u0105czy\u0107 max. 2 paragony ze sklep\u00f3w Galerii Bemowo, przy czym max. 1 paragon mo\u017ce by\u0107 z hipermarketu Carrefour) b\u0119d\u0105 premiowane \u015bwi\u0105tecznym upominkiem. Spotkaj nas w naszym \u015bwi\u0105tecznym Punkcie Obs\u0142ugi Akcji, poka\u017c dowody zakupu i odbierz sw\u00f3j prezent. W puli nagr\u00f3d dekoracje \u015bwi\u0105teczne i ozdoby. Pami\u0119taj, liczba upomink\u00f3w jest ograniczona! Nie przegap swojej szansy na dodatkow\u0105 \u015bwi\u0105teczn\u0105 rado\u015b\u0107!<\/p>\n<p>Sobotnia akcja to idealna okazja, by poczu\u0107 ducha \u015awi\u0105t i zaopatrzy\u0107 si\u0119 w prezenty dla najbli\u017cszych. Przyjd\u017a do Galerii Bemowo i zanurz si\u0119 w gwiazdkowej atmosferze pe\u0142nej rado\u015bci i ciep\u0142a!<\/p>\n<p>Regulamin akcji dost\u0119pny w Punkcie Obs\u0142ugi Akcji, zlokalizowanym na pi\u0119trze, przy strefie gastronomicznej.<\/p>\n","protected":false},"excerpt":{"rendered":"<p>W sobot\u0119 16 grudnia gwiazdkowe zakupy w Galerii Bemowo up\u0142yn\u0105 pod znakiem prezent\u00f3w! To dzie\u0144, kiedy ka\u017cdy zakup zamieni si\u0119 w okazj\u0119 do otrzymania \u015bwi\u0105tecznego upominku \u2013 symbolu naszej wdzi\u0119czno\u015bci [&hellip;]<\/p>\n","protected":false},"author":1,"featured_media":0,"comment_status":"closed","ping_status":"closed","sticky":false,"template":"","format":"standard","meta":{"_acf_changed":false,"footnotes":""},"categories":[15],"tags":[],"class_list":["post-6343","post","type-post","status-publish","format-standard","hentry","category-wydarzenia"],"acf":[],"yoast_head":"<!-- This site is optimized with the Yoast SEO plugin v23.4 - https:\/\/yoast.com\/wordpress\/plugins\/seo\/ -->\n<title>\u015awi\u0105teczna gor\u0105czka zakup\u00f3w w Galerii Bemowo - Bemowo<\/title>\n<meta name=\"robots\" content=\"index, follow, max-snippet:-1, max-image-preview:large, max-video-preview:-1\" \/>\n<link rel=\"canonical\" href=\"https:\/\/www.galeria-bemowo.pl\/wydarzenia\/prezenty-juz-tu-sa\/\" \/>\n<meta property=\"og:locale\" content=\"en_US\" \/>\n<meta property=\"og:type\" content=\"article\" \/>\n<meta property=\"og:title\" content=\"\u015awi\u0105teczna gor\u0105czka zakup\u00f3w w Galerii Bemowo - Bemowo\" \/>\n<meta property=\"og:description\" content=\"W sobot\u0119 16 grudnia gwiazdkowe zakupy w Galerii Bemowo up\u0142yn\u0105 pod znakiem prezent\u00f3w! To dzie\u0144, kiedy ka\u017cdy zakup zamieni si\u0119 w okazj\u0119 do otrzymania \u015bwi\u0105tecznego upominku \u2013 symbolu naszej wdzi\u0119czno\u015bci [&hellip;]\" \/>\n<meta property=\"og:url\" content=\"https:\/\/www.galeria-bemowo.pl\/wydarzenia\/prezenty-juz-tu-sa\/\" \/>\n<meta property=\"og:site_name\" content=\"Bemowo\" \/>\n<meta property=\"article:publisher\" content=\"https:\/\/www.facebook.com\/GaleriaBemowo\/\" \/>\n<meta property=\"article:published_time\" content=\"2023-12-08T16:24:50+00:00\" \/>\n<meta property=\"article:modified_time\" content=\"2023-12-14T12:38:16+00:00\" \/>\n<meta property=\"og:image\" content=\"https:\/\/www.galeria-bemowo.pl\/wp-content\/uploads\/2019\/08\/logo-bemowo_2.png\" \/>\n\t<meta property=\"og:image:width\" content=\"310\" \/>\n\t<meta property=\"og:image:height\" content=\"217\" \/>\n\t<meta property=\"og:image:type\" content=\"image\/png\" \/>\n<meta name=\"author\" content=\"aadmin\" \/>\n<meta name=\"twitter:card\" content=\"summary_large_image\" \/>\n<meta name=\"twitter:label1\" content=\"Written by\" \/>\n\t<meta name=\"twitter:data1\" content=\"aadmin\" \/>\n\t<meta name=\"twitter:label2\" content=\"Est. reading time\" \/>\n\t<meta name=\"twitter:data2\" content=\"1 minute\" \/>\n<script type=\"application\/ld+json\" class=\"yoast-schema-graph\">{\"@context\":\"https:\/\/schema.org\",\"@graph\":[{\"@type\":\"Article\",\"@id\":\"https:\/\/www.galeria-bemowo.pl\/wydarzenia\/prezenty-juz-tu-sa\/#article\",\"isPartOf\":{\"@id\":\"https:\/\/www.galeria-bemowo.pl\/wydarzenia\/prezenty-juz-tu-sa\/\"},\"author\":{\"name\":\"aadmin\",\"@id\":\"https:\/\/www.galeria-bemowo.pl\/#\/schema\/person\/391af1d41ade64b6edcf9534079b4185\"},\"headline\":\"\u015awi\u0105teczna gor\u0105czka zakup\u00f3w w Galerii Bemowo\",\"datePublished\":\"2023-12-08T16:24:50+00:00\",\"dateModified\":\"2023-12-14T12:38:16+00:00\",\"mainEntityOfPage\":{\"@id\":\"https:\/\/www.galeria-bemowo.pl\/wydarzenia\/prezenty-juz-tu-sa\/\"},\"wordCount\":197,\"publisher\":{\"@id\":\"https:\/\/www.galeria-bemowo.pl\/#organization\"},\"articleSection\":[\"Wydarzenia\"],\"inLanguage\":\"en-US\"},{\"@type\":\"WebPage\",\"@id\":\"https:\/\/www.galeria-bemowo.pl\/wydarzenia\/prezenty-juz-tu-sa\/\",\"url\":\"https:\/\/www.galeria-bemowo.pl\/wydarzenia\/prezenty-juz-tu-sa\/\",\"name\":\"\u015awi\u0105teczna gor\u0105czka zakup\u00f3w w Galerii Bemowo - Bemowo\",\"isPartOf\":{\"@id\":\"https:\/\/www.galeria-bemowo.pl\/#website\"},\"datePublished\":\"2023-12-08T16:24:50+00:00\",\"dateModified\":\"2023-12-14T12:38:16+00:00\",\"breadcrumb\":{\"@id\":\"https:\/\/www.galeria-bemowo.pl\/wydarzenia\/prezenty-juz-tu-sa\/#breadcrumb\"},\"inLanguage\":\"en-US\",\"potentialAction\":[{\"@type\":\"ReadAction\",\"target\":[\"https:\/\/www.galeria-bemowo.pl\/wydarzenia\/prezenty-juz-tu-sa\/\"]}]},{\"@type\":\"BreadcrumbList\",\"@id\":\"https:\/\/www.galeria-bemowo.pl\/wydarzenia\/prezenty-juz-tu-sa\/#breadcrumb\",\"itemListElement\":[{\"@type\":\"ListItem\",\"position\":1,\"name\":\"Strona g\u0142\u00f3wna\",\"item\":\"https:\/\/www.galeria-bemowo.pl\/en\/\"},{\"@type\":\"ListItem\",\"position\":2,\"name\":\"Wydarzenia\",\"item\":\"https:\/\/www.galeria-bemowo.pl\/.\/wydarzenia\/\"},{\"@type\":\"ListItem\",\"position\":3,\"name\":\"\u015awi\u0105teczna gor\u0105czka zakup\u00f3w w Galerii Bemowo\"}]},{\"@type\":\"WebSite\",\"@id\":\"https:\/\/www.galeria-bemowo.pl\/#website\",\"url\":\"https:\/\/www.galeria-bemowo.pl\/\",\"name\":\"Bemowo\",\"description\":\"\",\"publisher\":{\"@id\":\"https:\/\/www.galeria-bemowo.pl\/#organization\"},\"potentialAction\":[{\"@type\":\"SearchAction\",\"target\":{\"@type\":\"EntryPoint\",\"urlTemplate\":\"https:\/\/www.galeria-bemowo.pl\/?s={search_term_string}\"},\"query-input\":{\"@type\":\"PropertyValueSpecification\",\"valueRequired\":true,\"valueName\":\"search_term_string\"}}],\"inLanguage\":\"en-US\"},{\"@type\":\"Organization\",\"@id\":\"https:\/\/www.galeria-bemowo.pl\/#organization\",\"name\":\"Galeria Bemowo\",\"url\":\"https:\/\/www.galeria-bemowo.pl\/\",\"logo\":{\"@type\":\"ImageObject\",\"inLanguage\":\"en-US\",\"@id\":\"https:\/\/www.galeria-bemowo.pl\/#\/schema\/logo\/image\/\",\"url\":\"https:\/\/www.galeria-bemowo.pl\/wp-content\/uploads\/2019\/08\/logo-bemowo_2.png\",\"contentUrl\":\"https:\/\/www.galeria-bemowo.pl\/wp-content\/uploads\/2019\/08\/logo-bemowo_2.png\",\"width\":310,\"height\":217,\"caption\":\"Galeria Bemowo\"},\"image\":{\"@id\":\"https:\/\/www.galeria-bemowo.pl\/#\/schema\/logo\/image\/\"},\"sameAs\":[\"https:\/\/www.facebook.com\/GaleriaBemowo\/\"]},{\"@type\":\"Person\",\"@id\":\"https:\/\/www.galeria-bemowo.pl\/#\/schema\/person\/391af1d41ade64b6edcf9534079b4185\",\"name\":\"aadmin\"}]}<\/script>\n<!-- \/ Yoast SEO plugin. -->","yoast_head_json":{"title":"\u015awi\u0105teczna gor\u0105czka zakup\u00f3w w Galerii Bemowo - Bemowo","robots":{"index":"index","follow":"follow","max-snippet":"max-snippet:-1","max-image-preview":"max-image-preview:large","max-video-preview":"max-video-preview:-1"},"canonical":"https:\/\/www.galeria-bemowo.pl\/wydarzenia\/prezenty-juz-tu-sa\/","og_locale":"en_US","og_type":"article","og_title":"\u015awi\u0105teczna gor\u0105czka zakup\u00f3w w Galerii Bemowo - Bemowo","og_description":"W sobot\u0119 16 grudnia gwiazdkowe zakupy w Galerii Bemowo up\u0142yn\u0105 pod znakiem prezent\u00f3w! To dzie\u0144, kiedy ka\u017cdy zakup zamieni si\u0119 w okazj\u0119 do otrzymania \u015bwi\u0105tecznego upominku \u2013 symbolu naszej wdzi\u0119czno\u015bci [&hellip;]","og_url":"https:\/\/www.galeria-bemowo.pl\/wydarzenia\/prezenty-juz-tu-sa\/","og_site_name":"Bemowo","article_publisher":"https:\/\/www.facebook.com\/GaleriaBemowo\/","article_published_time":"2023-12-08T16:24:50+00:00","article_modified_time":"2023-12-14T12:38:16+00:00","og_image":[{"width":310,"height":217,"url":"https:\/\/www.galeria-bemowo.pl\/wp-content\/uploads\/2019\/08\/logo-bemowo_2.png","type":"image\/png"}],"author":"aadmin","twitter_card":"summary_large_image","twitter_misc":{"Written by":"aadmin","Est. reading time":"1 minute"},"schema":{"@context":"https:\/\/schema.org","@graph":[{"@type":"Article","@id":"https:\/\/www.galeria-bemowo.pl\/wydarzenia\/prezenty-juz-tu-sa\/#article","isPartOf":{"@id":"https:\/\/www.galeria-bemowo.pl\/wydarzenia\/prezenty-juz-tu-sa\/"},"author":{"name":"aadmin","@id":"https:\/\/www.galeria-bemowo.pl\/#\/schema\/person\/391af1d41ade64b6edcf9534079b4185"},"headline":"\u015awi\u0105teczna gor\u0105czka zakup\u00f3w w Galerii Bemowo","datePublished":"2023-12-08T16:24:50+00:00","dateModified":"2023-12-14T12:38:16+00:00","mainEntityOfPage":{"@id":"https:\/\/www.galeria-bemowo.pl\/wydarzenia\/prezenty-juz-tu-sa\/"},"wordCount":197,"publisher":{"@id":"https:\/\/www.galeria-bemowo.pl\/#organization"},"articleSection":["Wydarzenia"],"inLanguage":"en-US"},{"@type":"WebPage","@id":"https:\/\/www.galeria-bemowo.pl\/wydarzenia\/prezenty-juz-tu-sa\/","url":"https:\/\/www.galeria-bemowo.pl\/wydarzenia\/prezenty-juz-tu-sa\/","name":"\u015awi\u0105teczna gor\u0105czka zakup\u00f3w w Galerii Bemowo - Bemowo","isPartOf":{"@id":"https:\/\/www.galeria-bemowo.pl\/#website"},"datePublished":"2023-12-08T16:24:50+00:00","dateModified":"2023-12-14T12:38:16+00:00","breadcrumb":{"@id":"https:\/\/www.galeria-bemowo.pl\/wydarzenia\/prezenty-juz-tu-sa\/#breadcrumb"},"inLanguage":"en-US","potentialAction":[{"@type":"ReadAction","target":["https:\/\/www.galeria-bemowo.pl\/wydarzenia\/prezenty-juz-tu-sa\/"]}]},{"@type":"BreadcrumbList","@id":"https:\/\/www.galeria-bemowo.pl\/wydarzenia\/prezenty-juz-tu-sa\/#breadcrumb","itemListElement":[{"@type":"ListItem","position":1,"name":"Strona g\u0142\u00f3wna","item":"https:\/\/www.galeria-bemowo.pl\/en\/"},{"@type":"ListItem","position":2,"name":"Wydarzenia","item":"https:\/\/www.galeria-bemowo.pl\/.\/wydarzenia\/"},{"@type":"ListItem","position":3,"name":"\u015awi\u0105teczna gor\u0105czka zakup\u00f3w w Galerii Bemowo"}]},{"@type":"WebSite","@id":"https:\/\/www.galeria-bemowo.pl\/#website","url":"https:\/\/www.galeria-bemowo.pl\/","name":"Bemowo","description":"","publisher":{"@id":"https:\/\/www.galeria-bemowo.pl\/#organization"},"potentialAction":[{"@type":"SearchAction","target":{"@type":"EntryPoint","urlTemplate":"https:\/\/www.galeria-bemowo.pl\/?s={search_term_string}"},"query-input":{"@type":"PropertyValueSpecification","valueRequired":true,"valueName":"search_term_string"}}],"inLanguage":"en-US"},{"@type":"Organization","@id":"https:\/\/www.galeria-bemowo.pl\/#organization","name":"Galeria Bemowo","url":"https:\/\/www.galeria-bemowo.pl\/","logo":{"@type":"ImageObject","inLanguage":"en-US","@id":"https:\/\/www.galeria-bemowo.pl\/#\/schema\/logo\/image\/","url":"https:\/\/www.galeria-bemowo.pl\/wp-content\/uploads\/2019\/08\/logo-bemowo_2.png","contentUrl":"https:\/\/www.galeria-bemowo.pl\/wp-content\/uploads\/2019\/08\/logo-bemowo_2.png","width":310,"height":217,"caption":"Galeria Bemowo"},"image":{"@id":"https:\/\/www.galeria-bemowo.pl\/#\/schema\/logo\/image\/"},"sameAs":["https:\/\/www.facebook.com\/GaleriaBemowo\/"]},{"@type":"Person","@id":"https:\/\/www.galeria-bemowo.pl\/#\/schema\/person\/391af1d41ade64b6edcf9534079b4185","name":"aadmin"}]}},"_links":{"self":[{"href":"https:\/\/www.galeria-bemowo.pl\/en\/wp-json\/wp\/v2\/posts\/6343"}],"collection":[{"href":"https:\/\/www.galeria-bemowo.pl\/en\/wp-json\/wp\/v2\/posts"}],"about":[{"href":"https:\/\/www.galeria-bemowo.pl\/en\/wp-json\/wp\/v2\/types\/post"}],"author":[{"embeddable":true,"href":"https:\/\/www.galeria-bemowo.pl\/en\/wp-json\/wp\/v2\/users\/1"}],"replies":[{"embeddable":true,"href":"https:\/\/www.galeria-bemowo.pl\/en\/wp-json\/wp\/v2\/comments?post=6343"}],"version-history":[{"count":0,"href":"https:\/\/www.galeria-bemowo.pl\/en\/wp-json\/wp\/v2\/posts\/6343\/revisions"}],"wp:attachment":[{"href":"https:\/\/www.galeria-bemowo.pl\/en\/wp-json\/wp\/v2\/media?parent=6343"}],"wp:term":[{"taxonomy":"category","embeddable":true,"href":"https:\/\/www.galeria-bemowo.pl\/en\/wp-json\/wp\/v2\/categories?post=6343"},{"taxonomy":"post_tag","embeddable":true,"href":"https:\/\/www.galeria-bemowo.pl\/en\/wp-json\/wp\/v2\/tags?post=6343"}],"curies":[{"name":"wp","href":"https:\/\/api.w.org\/{rel}","templated":true}]}}