{"id":7010,"date":"2024-08-14T13:39:12","date_gmt":"2024-08-14T11:39:12","guid":{"rendered":"https:\/\/www.galeria-bemowo.pl\/?p=7010"},"modified":"2024-08-22T08:13:54","modified_gmt":"2024-08-22T06:13:54","slug":"powrot-do-szkoly-z-upominkami-od-galerii-bemowo","status":"publish","type":"post","link":"https:\/\/www.galeria-bemowo.pl\/en\/wydarzenia\/powrot-do-szkoly-z-upominkami-od-galerii-bemowo\/","title":{"rendered":"Powr\u00f3t do szko\u0142y z upominkami od Galerii Bemowo"},"content":{"rendered":"<p><strong>Koniec wakacji zbli\u017ca si\u0119 wielkimi krokami, ale w Galerii Bemowo czeka na Was co\u015b, co sprawi, \u017ce powr\u00f3t do szko\u0142y b\u0119dzie o wiele przyjemniejszy! W dniach 24-25 sierpnia w godz. 12.00-20.00 przygotowali\u015bmy akcj\u0119 \u201eBack to school\u201d, pe\u0142n\u0105 emocji, nagr\u00f3d i \u015bwietnej zabawy. To idealna okazja, by skompletowa\u0107 wyprawk\u0119 szkoln\u0105 i sprawi\u0107, \u017ce Wasze dzieci rozpoczn\u0105 nowy rok szkolny z u\u015bmiechem na twarzy.<\/strong><strong>\u00a0<\/strong><\/p>\n<p>Ten weekend to \u015bwietna okazja, aby zamieni\u0107 zakupy w Galerii Bemowo w radosne przygotowanie do szko\u0142y. Przyjd\u017acie do Galerii Bemowo, cieszcie si\u0119 zakupami i we\u017acie udzia\u0142 w zabawie, kt\u00f3ra daje szans\u0119 na upominki.<\/p>\n<p>Jak to dzia\u0142a? Wystarczy zrobi\u0107 zakupy za minimum 150 z\u0142otych (z wy\u0142\u0105czeniem zakup\u00f3w w hipermarkecie Carrefour), a nast\u0119pnie spr\u00f3bowa\u0107 swoich si\u0142 w rzucie do kosza. Celne trafienie daje Wam szans\u0119 na zakr\u0119cenie ko\u0142em fortuny pe\u0142nym nagr\u00f3d! A co mo\u017cna wygra\u0107? Plecaki, pi\u00f3rniki, lunchboxy, smartbandy i wiele innych niespodzianek, kt\u00f3re z pewno\u015bci\u0105 uciesz\u0105 ka\u017cdego ucznia. Ale to nie wszystko! W\u015br\u00f3d nagr\u00f3d znajdziecie tak\u017ce vouchery do Denique, Eden, Kodano Optyk, Monnari, Pepco, Vive Profit, Cafe S\u0142odziak, Dobrej Bu\u0142y, Pizza Hut czy na tor kartingowy Pole Position. Przygotowali\u015bmy 300 upomink\u00f3w, kt\u00f3re tylko czekaj\u0105, aby trafi\u0107 w Wasze r\u0119ce! Pami\u0119tajcie \u2013 kto pierwszy, ten lepszy!<\/p>\n<p>Akcja \u201eBack to School\u201d w Galerii Bemowo odb\u0119dzie si\u0119 24-25 sierpnia 2024 roku w godzinach 12:00-20:00 lub do wyczerpania puli nagr\u00f3d. Regulamin akcji dost\u0119pny jest w Punkcie Obs\u0142ugi Akcji. Nie przegapcie tej okazji!<\/p>\n<p>&nbsp;<\/p>\n","protected":false},"excerpt":{"rendered":"<p>Koniec wakacji zbli\u017ca si\u0119 wielkimi krokami, ale w Galerii Bemowo czeka na Was co\u015b, co sprawi, \u017ce powr\u00f3t do szko\u0142y b\u0119dzie o wiele przyjemniejszy! W dniach 24-25 sierpnia w godz. [&hellip;]<\/p>\n","protected":false},"author":1,"featured_media":0,"comment_status":"closed","ping_status":"closed","sticky":false,"template":"","format":"standard","meta":{"_acf_changed":false,"footnotes":""},"categories":[15],"tags":[],"class_list":["post-7010","post","type-post","status-publish","format-standard","hentry","category-wydarzenia"],"acf":[],"yoast_head":"<!-- This site is optimized with the Yoast SEO plugin v23.4 - https:\/\/yoast.com\/wordpress\/plugins\/seo\/ -->\n<title>Powr\u00f3t do szko\u0142y z upominkami od Galerii Bemowo - Bemowo<\/title>\n<meta name=\"robots\" content=\"index, follow, max-snippet:-1, max-image-preview:large, max-video-preview:-1\" \/>\n<link rel=\"canonical\" href=\"https:\/\/www.galeria-bemowo.pl\/wydarzenia\/powrot-do-szkoly-z-upominkami-od-galerii-bemowo\/\" \/>\n<meta property=\"og:locale\" content=\"en_US\" \/>\n<meta property=\"og:type\" content=\"article\" \/>\n<meta property=\"og:title\" content=\"Powr\u00f3t do szko\u0142y z upominkami od Galerii Bemowo - Bemowo\" \/>\n<meta property=\"og:description\" content=\"Koniec wakacji zbli\u017ca si\u0119 wielkimi krokami, ale w Galerii Bemowo czeka na Was co\u015b, co sprawi, \u017ce powr\u00f3t do szko\u0142y b\u0119dzie o wiele przyjemniejszy! W dniach 24-25 sierpnia w godz. [&hellip;]\" \/>\n<meta property=\"og:url\" content=\"https:\/\/www.galeria-bemowo.pl\/wydarzenia\/powrot-do-szkoly-z-upominkami-od-galerii-bemowo\/\" \/>\n<meta property=\"og:site_name\" content=\"Bemowo\" \/>\n<meta property=\"article:publisher\" content=\"https:\/\/www.facebook.com\/GaleriaBemowo\/\" \/>\n<meta property=\"article:published_time\" content=\"2024-08-14T11:39:12+00:00\" \/>\n<meta property=\"article:modified_time\" content=\"2024-08-22T06:13:54+00:00\" \/>\n<meta property=\"og:image\" content=\"https:\/\/www.galeria-bemowo.pl\/wp-content\/uploads\/2019\/08\/logo-bemowo_2.png\" \/>\n\t<meta property=\"og:image:width\" content=\"310\" \/>\n\t<meta property=\"og:image:height\" content=\"217\" \/>\n\t<meta property=\"og:image:type\" content=\"image\/png\" \/>\n<meta name=\"author\" content=\"aadmin\" \/>\n<meta name=\"twitter:card\" content=\"summary_large_image\" \/>\n<meta name=\"twitter:label1\" content=\"Written by\" \/>\n\t<meta name=\"twitter:data1\" content=\"aadmin\" \/>\n\t<meta name=\"twitter:label2\" content=\"Est. reading time\" \/>\n\t<meta name=\"twitter:data2\" content=\"2 minutes\" \/>\n<script type=\"application\/ld+json\" class=\"yoast-schema-graph\">{\"@context\":\"https:\/\/schema.org\",\"@graph\":[{\"@type\":\"Article\",\"@id\":\"https:\/\/www.galeria-bemowo.pl\/wydarzenia\/powrot-do-szkoly-z-upominkami-od-galerii-bemowo\/#article\",\"isPartOf\":{\"@id\":\"https:\/\/www.galeria-bemowo.pl\/wydarzenia\/powrot-do-szkoly-z-upominkami-od-galerii-bemowo\/\"},\"author\":{\"name\":\"aadmin\",\"@id\":\"https:\/\/www.galeria-bemowo.pl\/#\/schema\/person\/391af1d41ade64b6edcf9534079b4185\"},\"headline\":\"Powr\u00f3t do szko\u0142y z upominkami od Galerii Bemowo\",\"datePublished\":\"2024-08-14T11:39:12+00:00\",\"dateModified\":\"2024-08-22T06:13:54+00:00\",\"mainEntityOfPage\":{\"@id\":\"https:\/\/www.galeria-bemowo.pl\/wydarzenia\/powrot-do-szkoly-z-upominkami-od-galerii-bemowo\/\"},\"wordCount\":278,\"publisher\":{\"@id\":\"https:\/\/www.galeria-bemowo.pl\/#organization\"},\"articleSection\":[\"Wydarzenia\"],\"inLanguage\":\"en-US\"},{\"@type\":\"WebPage\",\"@id\":\"https:\/\/www.galeria-bemowo.pl\/wydarzenia\/powrot-do-szkoly-z-upominkami-od-galerii-bemowo\/\",\"url\":\"https:\/\/www.galeria-bemowo.pl\/wydarzenia\/powrot-do-szkoly-z-upominkami-od-galerii-bemowo\/\",\"name\":\"Powr\u00f3t do szko\u0142y z upominkami od Galerii Bemowo - Bemowo\",\"isPartOf\":{\"@id\":\"https:\/\/www.galeria-bemowo.pl\/#website\"},\"datePublished\":\"2024-08-14T11:39:12+00:00\",\"dateModified\":\"2024-08-22T06:13:54+00:00\",\"breadcrumb\":{\"@id\":\"https:\/\/www.galeria-bemowo.pl\/wydarzenia\/powrot-do-szkoly-z-upominkami-od-galerii-bemowo\/#breadcrumb\"},\"inLanguage\":\"en-US\",\"potentialAction\":[{\"@type\":\"ReadAction\",\"target\":[\"https:\/\/www.galeria-bemowo.pl\/wydarzenia\/powrot-do-szkoly-z-upominkami-od-galerii-bemowo\/\"]}]},{\"@type\":\"BreadcrumbList\",\"@id\":\"https:\/\/www.galeria-bemowo.pl\/wydarzenia\/powrot-do-szkoly-z-upominkami-od-galerii-bemowo\/#breadcrumb\",\"itemListElement\":[{\"@type\":\"ListItem\",\"position\":1,\"name\":\"Strona g\u0142\u00f3wna\",\"item\":\"https:\/\/www.galeria-bemowo.pl\/en\/\"},{\"@type\":\"ListItem\",\"position\":2,\"name\":\"Wydarzenia\",\"item\":\"https:\/\/www.galeria-bemowo.pl\/.\/wydarzenia\/\"},{\"@type\":\"ListItem\",\"position\":3,\"name\":\"Powr\u00f3t do szko\u0142y z upominkami od Galerii Bemowo\"}]},{\"@type\":\"WebSite\",\"@id\":\"https:\/\/www.galeria-bemowo.pl\/#website\",\"url\":\"https:\/\/www.galeria-bemowo.pl\/\",\"name\":\"Bemowo\",\"description\":\"\",\"publisher\":{\"@id\":\"https:\/\/www.galeria-bemowo.pl\/#organization\"},\"potentialAction\":[{\"@type\":\"SearchAction\",\"target\":{\"@type\":\"EntryPoint\",\"urlTemplate\":\"https:\/\/www.galeria-bemowo.pl\/?s={search_term_string}\"},\"query-input\":{\"@type\":\"PropertyValueSpecification\",\"valueRequired\":true,\"valueName\":\"search_term_string\"}}],\"inLanguage\":\"en-US\"},{\"@type\":\"Organization\",\"@id\":\"https:\/\/www.galeria-bemowo.pl\/#organization\",\"name\":\"Galeria Bemowo\",\"url\":\"https:\/\/www.galeria-bemowo.pl\/\",\"logo\":{\"@type\":\"ImageObject\",\"inLanguage\":\"en-US\",\"@id\":\"https:\/\/www.galeria-bemowo.pl\/#\/schema\/logo\/image\/\",\"url\":\"https:\/\/www.galeria-bemowo.pl\/wp-content\/uploads\/2019\/08\/logo-bemowo_2.png\",\"contentUrl\":\"https:\/\/www.galeria-bemowo.pl\/wp-content\/uploads\/2019\/08\/logo-bemowo_2.png\",\"width\":310,\"height\":217,\"caption\":\"Galeria Bemowo\"},\"image\":{\"@id\":\"https:\/\/www.galeria-bemowo.pl\/#\/schema\/logo\/image\/\"},\"sameAs\":[\"https:\/\/www.facebook.com\/GaleriaBemowo\/\"]},{\"@type\":\"Person\",\"@id\":\"https:\/\/www.galeria-bemowo.pl\/#\/schema\/person\/391af1d41ade64b6edcf9534079b4185\",\"name\":\"aadmin\"}]}<\/script>\n<!-- \/ Yoast SEO plugin. -->","yoast_head_json":{"title":"Powr\u00f3t do szko\u0142y z upominkami od Galerii Bemowo - Bemowo","robots":{"index":"index","follow":"follow","max-snippet":"max-snippet:-1","max-image-preview":"max-image-preview:large","max-video-preview":"max-video-preview:-1"},"canonical":"https:\/\/www.galeria-bemowo.pl\/wydarzenia\/powrot-do-szkoly-z-upominkami-od-galerii-bemowo\/","og_locale":"en_US","og_type":"article","og_title":"Powr\u00f3t do szko\u0142y z upominkami od Galerii Bemowo - Bemowo","og_description":"Koniec wakacji zbli\u017ca si\u0119 wielkimi krokami, ale w Galerii Bemowo czeka na Was co\u015b, co sprawi, \u017ce powr\u00f3t do szko\u0142y b\u0119dzie o wiele przyjemniejszy! W dniach 24-25 sierpnia w godz. [&hellip;]","og_url":"https:\/\/www.galeria-bemowo.pl\/wydarzenia\/powrot-do-szkoly-z-upominkami-od-galerii-bemowo\/","og_site_name":"Bemowo","article_publisher":"https:\/\/www.facebook.com\/GaleriaBemowo\/","article_published_time":"2024-08-14T11:39:12+00:00","article_modified_time":"2024-08-22T06:13:54+00:00","og_image":[{"width":310,"height":217,"url":"https:\/\/www.galeria-bemowo.pl\/wp-content\/uploads\/2019\/08\/logo-bemowo_2.png","type":"image\/png"}],"author":"aadmin","twitter_card":"summary_large_image","twitter_misc":{"Written by":"aadmin","Est. reading time":"2 minutes"},"schema":{"@context":"https:\/\/schema.org","@graph":[{"@type":"Article","@id":"https:\/\/www.galeria-bemowo.pl\/wydarzenia\/powrot-do-szkoly-z-upominkami-od-galerii-bemowo\/#article","isPartOf":{"@id":"https:\/\/www.galeria-bemowo.pl\/wydarzenia\/powrot-do-szkoly-z-upominkami-od-galerii-bemowo\/"},"author":{"name":"aadmin","@id":"https:\/\/www.galeria-bemowo.pl\/#\/schema\/person\/391af1d41ade64b6edcf9534079b4185"},"headline":"Powr\u00f3t do szko\u0142y z upominkami od Galerii Bemowo","datePublished":"2024-08-14T11:39:12+00:00","dateModified":"2024-08-22T06:13:54+00:00","mainEntityOfPage":{"@id":"https:\/\/www.galeria-bemowo.pl\/wydarzenia\/powrot-do-szkoly-z-upominkami-od-galerii-bemowo\/"},"wordCount":278,"publisher":{"@id":"https:\/\/www.galeria-bemowo.pl\/#organization"},"articleSection":["Wydarzenia"],"inLanguage":"en-US"},{"@type":"WebPage","@id":"https:\/\/www.galeria-bemowo.pl\/wydarzenia\/powrot-do-szkoly-z-upominkami-od-galerii-bemowo\/","url":"https:\/\/www.galeria-bemowo.pl\/wydarzenia\/powrot-do-szkoly-z-upominkami-od-galerii-bemowo\/","name":"Powr\u00f3t do szko\u0142y z upominkami od Galerii Bemowo - Bemowo","isPartOf":{"@id":"https:\/\/www.galeria-bemowo.pl\/#website"},"datePublished":"2024-08-14T11:39:12+00:00","dateModified":"2024-08-22T06:13:54+00:00","breadcrumb":{"@id":"https:\/\/www.galeria-bemowo.pl\/wydarzenia\/powrot-do-szkoly-z-upominkami-od-galerii-bemowo\/#breadcrumb"},"inLanguage":"en-US","potentialAction":[{"@type":"ReadAction","target":["https:\/\/www.galeria-bemowo.pl\/wydarzenia\/powrot-do-szkoly-z-upominkami-od-galerii-bemowo\/"]}]},{"@type":"BreadcrumbList","@id":"https:\/\/www.galeria-bemowo.pl\/wydarzenia\/powrot-do-szkoly-z-upominkami-od-galerii-bemowo\/#breadcrumb","itemListElement":[{"@type":"ListItem","position":1,"name":"Strona g\u0142\u00f3wna","item":"https:\/\/www.galeria-bemowo.pl\/en\/"},{"@type":"ListItem","position":2,"name":"Wydarzenia","item":"https:\/\/www.galeria-bemowo.pl\/.\/wydarzenia\/"},{"@type":"ListItem","position":3,"name":"Powr\u00f3t do szko\u0142y z upominkami od Galerii Bemowo"}]},{"@type":"WebSite","@id":"https:\/\/www.galeria-bemowo.pl\/#website","url":"https:\/\/www.galeria-bemowo.pl\/","name":"Bemowo","description":"","publisher":{"@id":"https:\/\/www.galeria-bemowo.pl\/#organization"},"potentialAction":[{"@type":"SearchAction","target":{"@type":"EntryPoint","urlTemplate":"https:\/\/www.galeria-bemowo.pl\/?s={search_term_string}"},"query-input":{"@type":"PropertyValueSpecification","valueRequired":true,"valueName":"search_term_string"}}],"inLanguage":"en-US"},{"@type":"Organization","@id":"https:\/\/www.galeria-bemowo.pl\/#organization","name":"Galeria Bemowo","url":"https:\/\/www.galeria-bemowo.pl\/","logo":{"@type":"ImageObject","inLanguage":"en-US","@id":"https:\/\/www.galeria-bemowo.pl\/#\/schema\/logo\/image\/","url":"https:\/\/www.galeria-bemowo.pl\/wp-content\/uploads\/2019\/08\/logo-bemowo_2.png","contentUrl":"https:\/\/www.galeria-bemowo.pl\/wp-content\/uploads\/2019\/08\/logo-bemowo_2.png","width":310,"height":217,"caption":"Galeria Bemowo"},"image":{"@id":"https:\/\/www.galeria-bemowo.pl\/#\/schema\/logo\/image\/"},"sameAs":["https:\/\/www.facebook.com\/GaleriaBemowo\/"]},{"@type":"Person","@id":"https:\/\/www.galeria-bemowo.pl\/#\/schema\/person\/391af1d41ade64b6edcf9534079b4185","name":"aadmin"}]}},"_links":{"self":[{"href":"https:\/\/www.galeria-bemowo.pl\/en\/wp-json\/wp\/v2\/posts\/7010"}],"collection":[{"href":"https:\/\/www.galeria-bemowo.pl\/en\/wp-json\/wp\/v2\/posts"}],"about":[{"href":"https:\/\/www.galeria-bemowo.pl\/en\/wp-json\/wp\/v2\/types\/post"}],"author":[{"embeddable":true,"href":"https:\/\/www.galeria-bemowo.pl\/en\/wp-json\/wp\/v2\/users\/1"}],"replies":[{"embeddable":true,"href":"https:\/\/www.galeria-bemowo.pl\/en\/wp-json\/wp\/v2\/comments?post=7010"}],"version-history":[{"count":2,"href":"https:\/\/www.galeria-bemowo.pl\/en\/wp-json\/wp\/v2\/posts\/7010\/revisions"}],"predecessor-version":[{"id":7026,"href":"https:\/\/www.galeria-bemowo.pl\/en\/wp-json\/wp\/v2\/posts\/7010\/revisions\/7026"}],"wp:attachment":[{"href":"https:\/\/www.galeria-bemowo.pl\/en\/wp-json\/wp\/v2\/media?parent=7010"}],"wp:term":[{"taxonomy":"category","embeddable":true,"href":"https:\/\/www.galeria-bemowo.pl\/en\/wp-json\/wp\/v2\/categories?post=7010"},{"taxonomy":"post_tag","embeddable":true,"href":"https:\/\/www.galeria-bemowo.pl\/en\/wp-json\/wp\/v2\/tags?post=7010"}],"curies":[{"name":"wp","href":"https:\/\/api.w.org\/{rel}","templated":true}]}}