{"id":8293,"date":"2026-04-27T14:44:00","date_gmt":"2026-04-27T12:44:00","guid":{"rendered":"https:\/\/www.galeria-bemowo.pl\/?p=8293"},"modified":"2026-04-27T14:44:00","modified_gmt":"2026-04-27T12:44:00","slug":"zatancz-moonwalka-w-cinema-city-i-zgarnij-znizke-na-popcorn-film-michael-juz-w-kinach","status":"publish","type":"post","link":"https:\/\/www.galeria-bemowo.pl\/en\/promocje\/zatancz-moonwalka-w-cinema-city-i-zgarnij-znizke-na-popcorn-film-michael-juz-w-kinach\/","title":{"rendered":"Zata\u0144cz moonwalka w Cinema City i zgarnij zni\u017ck\u0119 na popcorn. Film &#8220;Michael&#8221; ju\u017c w kinach!"},"content":{"rendered":"<p>Na t\u0119 premier\u0119 wszyscy fani kr\u00f3la popu czekali od dawna. W \u015brod\u0119 22 kwietnia na wielki ekran wszed\u0142 biograficzny film o Michaelu Jacksonie \u2013 \u201eMichael\u201d. To spektakularna opowie\u015b\u0107 o \u017cyciu i karierze kr\u00f3la popu. Z okazji premiery filmu Cinema City przygotowa\u0142o dla swoich klient\u00f3w taneczne wyzwanie, w kt\u00f3rym mo\u017cna zdoby\u0107 zni\u017ck\u0119 na popcorn. To jednak nie wszystko! W kinowych barach b\u0119dzie mo\u017cna kupi\u0107 unikatowe pojemniki na popcorn i kubki inspirowane legend\u0105 muzyki pop.<\/p>\n<p>22 kwietnia na ekrany kin wszed\u0142 d\u0142ugo oczekiwany film \u201eMichael\u201d \u2013 poruszaj\u0105ca opowie\u015b\u0107 o \u017cyciu jednego z najbardziej wp\u0142ywowych wokalist\u00f3w w historii muzyki. Pokazuje on Michaela Jacksona nie tylko przez pryzmat jego muzyki &#8211; od momentu, gdy zosta\u0142 odkryty jako wokalista Jackson Five, a\u017c po czasy, gdy sta\u0142 si\u0119 wizjonerem i d\u0105\u017cy\u0142 do tego, by zosta\u0107 najwi\u0119kszym artyst\u0105 na \u015bwiecie. Opr\u00f3cz \u017cycia prywatnego, film przywo\u0142uje te\u017c jego najs\u0142ynniejsze wyst\u0119py z pocz\u0105tk\u00f3w solowej kariery, daj\u0105c widzom wyj\u0105tkow\u0105 okazj\u0119, by zobaczy\u0107 Michaela Jacksona z nieznanej dot\u0105d strony. W g\u0142\u00f3wn\u0105 rol\u0119 wcieli\u0142 si\u0119 bratanek kr\u00f3la popu \u2013 Jaafar Jackson.<\/p>\n<p>Cinema City postanowi\u0142o wykorzysta\u0107 t\u0119 muzyczn\u0105 premier\u0119 i zach\u0119ci\u0107 swoich klient\u00f3w do oryginalnego, tanecznego wyzwania w stylu kr\u00f3la popu. W dniach 22 &#8211; 30 kwietnia we wszystkich kinach Cinema City w Polsce pojawi\u0105 si\u0119 naklejki pod\u0142ogowe z instrukcj\u0105 ta\u0144czenia moonwalka &#8211; najbardziej rozpoznawalnego ta\u0144ca Michale Jacksona.<\/p>\n<p>Ka\u017cdy, kto podejmie wyzwanie i zeskanuje kod QR, znajduj\u0105cy si\u0119 na naklejce, dostanie upgrade popcornu w kinowym barze &#8211; Sharecorn 6,5l w cenie du\u017cego popcornu 5,2l.<\/p>\n<p>Na tym nie koniec! W barach kinowych Cinema City zakupi\u0107 ju\u017c mo\u017cna unikatowe, limitowane produkty z merchu, inspirowanego tw\u00f3rczo\u015bci\u0105 kr\u00f3la popu: pojemnik na popcorn w kszta\u0142cie kapelusza fedory, wiaderko na popcorn z winylow\u0105 pokrywk\u0105 oraz kubek filmowy w kszta\u0142cie mikrofonu, w dw\u00f3ch kolorach: z\u0142oty i czarny.<\/p>\n<p>Do zobaczenia w Cinema City!<\/p>\n","protected":false},"excerpt":{"rendered":"<p>Na t\u0119 premier\u0119 wszyscy fani kr\u00f3la popu czekali od dawna. W \u015brod\u0119 22 kwietnia na wielki ekran wszed\u0142 biograficzny film o Michaelu Jacksonie \u2013 \u201eMichael\u201d. To spektakularna opowie\u015b\u0107 o \u017cyciu [&hellip;]<\/p>\n","protected":false},"author":1,"featured_media":0,"comment_status":"closed","ping_status":"closed","sticky":false,"template":"","format":"standard","meta":{"_acf_changed":false,"footnotes":""},"categories":[1],"tags":[],"class_list":["post-8293","post","type-post","status-publish","format-standard","hentry","category-promocje"],"acf":[],"yoast_head":"<!-- This site is optimized with the Yoast SEO plugin v23.4 - https:\/\/yoast.com\/wordpress\/plugins\/seo\/ -->\n<title>Zata\u0144cz moonwalka w Cinema City i zgarnij zni\u017ck\u0119 na popcorn. Film &quot;Michael&quot; ju\u017c w kinach! - Bemowo<\/title>\n<meta name=\"robots\" content=\"index, follow, max-snippet:-1, max-image-preview:large, max-video-preview:-1\" \/>\n<link rel=\"canonical\" href=\"https:\/\/www.galeria-bemowo.pl\/promocje\/zatancz-moonwalka-w-cinema-city-i-zgarnij-znizke-na-popcorn-film-michael-juz-w-kinach\/\" \/>\n<meta property=\"og:locale\" content=\"en_US\" \/>\n<meta property=\"og:type\" content=\"article\" \/>\n<meta property=\"og:title\" content=\"Zata\u0144cz moonwalka w Cinema City i zgarnij zni\u017ck\u0119 na popcorn. Film &quot;Michael&quot; ju\u017c w kinach! - Bemowo\" \/>\n<meta property=\"og:description\" content=\"Na t\u0119 premier\u0119 wszyscy fani kr\u00f3la popu czekali od dawna. W \u015brod\u0119 22 kwietnia na wielki ekran wszed\u0142 biograficzny film o Michaelu Jacksonie \u2013 \u201eMichael\u201d. To spektakularna opowie\u015b\u0107 o \u017cyciu [&hellip;]\" \/>\n<meta property=\"og:url\" content=\"https:\/\/www.galeria-bemowo.pl\/promocje\/zatancz-moonwalka-w-cinema-city-i-zgarnij-znizke-na-popcorn-film-michael-juz-w-kinach\/\" \/>\n<meta property=\"og:site_name\" content=\"Bemowo\" \/>\n<meta property=\"article:publisher\" content=\"https:\/\/www.facebook.com\/GaleriaBemowo\/\" \/>\n<meta property=\"article:published_time\" content=\"2026-04-27T12:44:00+00:00\" \/>\n<meta property=\"og:image\" content=\"https:\/\/www.galeria-bemowo.pl\/wp-content\/uploads\/2019\/08\/logo-bemowo_2.png\" \/>\n\t<meta property=\"og:image:width\" content=\"310\" \/>\n\t<meta property=\"og:image:height\" content=\"217\" \/>\n\t<meta property=\"og:image:type\" content=\"image\/png\" \/>\n<meta name=\"author\" content=\"aadmin\" \/>\n<meta name=\"twitter:card\" content=\"summary_large_image\" \/>\n<meta name=\"twitter:label1\" content=\"Written by\" \/>\n\t<meta name=\"twitter:data1\" content=\"aadmin\" \/>\n\t<meta name=\"twitter:label2\" content=\"Est. reading time\" \/>\n\t<meta name=\"twitter:data2\" content=\"2 minutes\" \/>\n<script type=\"application\/ld+json\" class=\"yoast-schema-graph\">{\"@context\":\"https:\/\/schema.org\",\"@graph\":[{\"@type\":\"Article\",\"@id\":\"https:\/\/www.galeria-bemowo.pl\/promocje\/zatancz-moonwalka-w-cinema-city-i-zgarnij-znizke-na-popcorn-film-michael-juz-w-kinach\/#article\",\"isPartOf\":{\"@id\":\"https:\/\/www.galeria-bemowo.pl\/promocje\/zatancz-moonwalka-w-cinema-city-i-zgarnij-znizke-na-popcorn-film-michael-juz-w-kinach\/\"},\"author\":{\"name\":\"aadmin\",\"@id\":\"https:\/\/www.galeria-bemowo.pl\/#\/schema\/person\/391af1d41ade64b6edcf9534079b4185\"},\"headline\":\"Zata\u0144cz moonwalka w Cinema City i zgarnij zni\u017ck\u0119 na popcorn. Film &#8220;Michael&#8221; ju\u017c w kinach!\",\"datePublished\":\"2026-04-27T12:44:00+00:00\",\"dateModified\":\"2026-04-27T12:44:00+00:00\",\"mainEntityOfPage\":{\"@id\":\"https:\/\/www.galeria-bemowo.pl\/promocje\/zatancz-moonwalka-w-cinema-city-i-zgarnij-znizke-na-popcorn-film-michael-juz-w-kinach\/\"},\"wordCount\":346,\"publisher\":{\"@id\":\"https:\/\/www.galeria-bemowo.pl\/#organization\"},\"articleSection\":[\"Promocje\"],\"inLanguage\":\"en-US\"},{\"@type\":\"WebPage\",\"@id\":\"https:\/\/www.galeria-bemowo.pl\/promocje\/zatancz-moonwalka-w-cinema-city-i-zgarnij-znizke-na-popcorn-film-michael-juz-w-kinach\/\",\"url\":\"https:\/\/www.galeria-bemowo.pl\/promocje\/zatancz-moonwalka-w-cinema-city-i-zgarnij-znizke-na-popcorn-film-michael-juz-w-kinach\/\",\"name\":\"Zata\u0144cz moonwalka w Cinema City i zgarnij zni\u017ck\u0119 na popcorn. Film \\\"Michael\\\" ju\u017c w kinach! - Bemowo\",\"isPartOf\":{\"@id\":\"https:\/\/www.galeria-bemowo.pl\/#website\"},\"datePublished\":\"2026-04-27T12:44:00+00:00\",\"dateModified\":\"2026-04-27T12:44:00+00:00\",\"breadcrumb\":{\"@id\":\"https:\/\/www.galeria-bemowo.pl\/promocje\/zatancz-moonwalka-w-cinema-city-i-zgarnij-znizke-na-popcorn-film-michael-juz-w-kinach\/#breadcrumb\"},\"inLanguage\":\"en-US\",\"potentialAction\":[{\"@type\":\"ReadAction\",\"target\":[\"https:\/\/www.galeria-bemowo.pl\/promocje\/zatancz-moonwalka-w-cinema-city-i-zgarnij-znizke-na-popcorn-film-michael-juz-w-kinach\/\"]}]},{\"@type\":\"BreadcrumbList\",\"@id\":\"https:\/\/www.galeria-bemowo.pl\/promocje\/zatancz-moonwalka-w-cinema-city-i-zgarnij-znizke-na-popcorn-film-michael-juz-w-kinach\/#breadcrumb\",\"itemListElement\":[{\"@type\":\"ListItem\",\"position\":1,\"name\":\"Strona g\u0142\u00f3wna\",\"item\":\"https:\/\/www.galeria-bemowo.pl\/en\/\"},{\"@type\":\"ListItem\",\"position\":2,\"name\":\"Promocje\",\"item\":\"https:\/\/www.galeria-bemowo.pl\/.\/promocje\/\"},{\"@type\":\"ListItem\",\"position\":3,\"name\":\"Zata\u0144cz moonwalka w Cinema City i zgarnij zni\u017ck\u0119 na popcorn. Film &#8222;Michael&#8221; ju\u017c w kinach!\"}]},{\"@type\":\"WebSite\",\"@id\":\"https:\/\/www.galeria-bemowo.pl\/#website\",\"url\":\"https:\/\/www.galeria-bemowo.pl\/\",\"name\":\"Bemowo\",\"description\":\"\",\"publisher\":{\"@id\":\"https:\/\/www.galeria-bemowo.pl\/#organization\"},\"potentialAction\":[{\"@type\":\"SearchAction\",\"target\":{\"@type\":\"EntryPoint\",\"urlTemplate\":\"https:\/\/www.galeria-bemowo.pl\/?s={search_term_string}\"},\"query-input\":{\"@type\":\"PropertyValueSpecification\",\"valueRequired\":true,\"valueName\":\"search_term_string\"}}],\"inLanguage\":\"en-US\"},{\"@type\":\"Organization\",\"@id\":\"https:\/\/www.galeria-bemowo.pl\/#organization\",\"name\":\"Galeria Bemowo\",\"url\":\"https:\/\/www.galeria-bemowo.pl\/\",\"logo\":{\"@type\":\"ImageObject\",\"inLanguage\":\"en-US\",\"@id\":\"https:\/\/www.galeria-bemowo.pl\/#\/schema\/logo\/image\/\",\"url\":\"https:\/\/www.galeria-bemowo.pl\/wp-content\/uploads\/2019\/08\/logo-bemowo_2.png\",\"contentUrl\":\"https:\/\/www.galeria-bemowo.pl\/wp-content\/uploads\/2019\/08\/logo-bemowo_2.png\",\"width\":310,\"height\":217,\"caption\":\"Galeria Bemowo\"},\"image\":{\"@id\":\"https:\/\/www.galeria-bemowo.pl\/#\/schema\/logo\/image\/\"},\"sameAs\":[\"https:\/\/www.facebook.com\/GaleriaBemowo\/\"]},{\"@type\":\"Person\",\"@id\":\"https:\/\/www.galeria-bemowo.pl\/#\/schema\/person\/391af1d41ade64b6edcf9534079b4185\",\"name\":\"aadmin\"}]}<\/script>\n<!-- \/ Yoast SEO plugin. -->","yoast_head_json":{"title":"Zata\u0144cz moonwalka w Cinema City i zgarnij zni\u017ck\u0119 na popcorn. Film \"Michael\" ju\u017c w kinach! - Bemowo","robots":{"index":"index","follow":"follow","max-snippet":"max-snippet:-1","max-image-preview":"max-image-preview:large","max-video-preview":"max-video-preview:-1"},"canonical":"https:\/\/www.galeria-bemowo.pl\/promocje\/zatancz-moonwalka-w-cinema-city-i-zgarnij-znizke-na-popcorn-film-michael-juz-w-kinach\/","og_locale":"en_US","og_type":"article","og_title":"Zata\u0144cz moonwalka w Cinema City i zgarnij zni\u017ck\u0119 na popcorn. Film \"Michael\" ju\u017c w kinach! - Bemowo","og_description":"Na t\u0119 premier\u0119 wszyscy fani kr\u00f3la popu czekali od dawna. W \u015brod\u0119 22 kwietnia na wielki ekran wszed\u0142 biograficzny film o Michaelu Jacksonie \u2013 \u201eMichael\u201d. To spektakularna opowie\u015b\u0107 o \u017cyciu [&hellip;]","og_url":"https:\/\/www.galeria-bemowo.pl\/promocje\/zatancz-moonwalka-w-cinema-city-i-zgarnij-znizke-na-popcorn-film-michael-juz-w-kinach\/","og_site_name":"Bemowo","article_publisher":"https:\/\/www.facebook.com\/GaleriaBemowo\/","article_published_time":"2026-04-27T12:44:00+00:00","og_image":[{"width":310,"height":217,"url":"https:\/\/www.galeria-bemowo.pl\/wp-content\/uploads\/2019\/08\/logo-bemowo_2.png","type":"image\/png"}],"author":"aadmin","twitter_card":"summary_large_image","twitter_misc":{"Written by":"aadmin","Est. reading time":"2 minutes"},"schema":{"@context":"https:\/\/schema.org","@graph":[{"@type":"Article","@id":"https:\/\/www.galeria-bemowo.pl\/promocje\/zatancz-moonwalka-w-cinema-city-i-zgarnij-znizke-na-popcorn-film-michael-juz-w-kinach\/#article","isPartOf":{"@id":"https:\/\/www.galeria-bemowo.pl\/promocje\/zatancz-moonwalka-w-cinema-city-i-zgarnij-znizke-na-popcorn-film-michael-juz-w-kinach\/"},"author":{"name":"aadmin","@id":"https:\/\/www.galeria-bemowo.pl\/#\/schema\/person\/391af1d41ade64b6edcf9534079b4185"},"headline":"Zata\u0144cz moonwalka w Cinema City i zgarnij zni\u017ck\u0119 na popcorn. Film &#8220;Michael&#8221; ju\u017c w kinach!","datePublished":"2026-04-27T12:44:00+00:00","dateModified":"2026-04-27T12:44:00+00:00","mainEntityOfPage":{"@id":"https:\/\/www.galeria-bemowo.pl\/promocje\/zatancz-moonwalka-w-cinema-city-i-zgarnij-znizke-na-popcorn-film-michael-juz-w-kinach\/"},"wordCount":346,"publisher":{"@id":"https:\/\/www.galeria-bemowo.pl\/#organization"},"articleSection":["Promocje"],"inLanguage":"en-US"},{"@type":"WebPage","@id":"https:\/\/www.galeria-bemowo.pl\/promocje\/zatancz-moonwalka-w-cinema-city-i-zgarnij-znizke-na-popcorn-film-michael-juz-w-kinach\/","url":"https:\/\/www.galeria-bemowo.pl\/promocje\/zatancz-moonwalka-w-cinema-city-i-zgarnij-znizke-na-popcorn-film-michael-juz-w-kinach\/","name":"Zata\u0144cz moonwalka w Cinema City i zgarnij zni\u017ck\u0119 na popcorn. Film \"Michael\" ju\u017c w kinach! - Bemowo","isPartOf":{"@id":"https:\/\/www.galeria-bemowo.pl\/#website"},"datePublished":"2026-04-27T12:44:00+00:00","dateModified":"2026-04-27T12:44:00+00:00","breadcrumb":{"@id":"https:\/\/www.galeria-bemowo.pl\/promocje\/zatancz-moonwalka-w-cinema-city-i-zgarnij-znizke-na-popcorn-film-michael-juz-w-kinach\/#breadcrumb"},"inLanguage":"en-US","potentialAction":[{"@type":"ReadAction","target":["https:\/\/www.galeria-bemowo.pl\/promocje\/zatancz-moonwalka-w-cinema-city-i-zgarnij-znizke-na-popcorn-film-michael-juz-w-kinach\/"]}]},{"@type":"BreadcrumbList","@id":"https:\/\/www.galeria-bemowo.pl\/promocje\/zatancz-moonwalka-w-cinema-city-i-zgarnij-znizke-na-popcorn-film-michael-juz-w-kinach\/#breadcrumb","itemListElement":[{"@type":"ListItem","position":1,"name":"Strona g\u0142\u00f3wna","item":"https:\/\/www.galeria-bemowo.pl\/en\/"},{"@type":"ListItem","position":2,"name":"Promocje","item":"https:\/\/www.galeria-bemowo.pl\/.\/promocje\/"},{"@type":"ListItem","position":3,"name":"Zata\u0144cz moonwalka w Cinema City i zgarnij zni\u017ck\u0119 na popcorn. Film &#8222;Michael&#8221; ju\u017c w kinach!"}]},{"@type":"WebSite","@id":"https:\/\/www.galeria-bemowo.pl\/#website","url":"https:\/\/www.galeria-bemowo.pl\/","name":"Bemowo","description":"","publisher":{"@id":"https:\/\/www.galeria-bemowo.pl\/#organization"},"potentialAction":[{"@type":"SearchAction","target":{"@type":"EntryPoint","urlTemplate":"https:\/\/www.galeria-bemowo.pl\/?s={search_term_string}"},"query-input":{"@type":"PropertyValueSpecification","valueRequired":true,"valueName":"search_term_string"}}],"inLanguage":"en-US"},{"@type":"Organization","@id":"https:\/\/www.galeria-bemowo.pl\/#organization","name":"Galeria Bemowo","url":"https:\/\/www.galeria-bemowo.pl\/","logo":{"@type":"ImageObject","inLanguage":"en-US","@id":"https:\/\/www.galeria-bemowo.pl\/#\/schema\/logo\/image\/","url":"https:\/\/www.galeria-bemowo.pl\/wp-content\/uploads\/2019\/08\/logo-bemowo_2.png","contentUrl":"https:\/\/www.galeria-bemowo.pl\/wp-content\/uploads\/2019\/08\/logo-bemowo_2.png","width":310,"height":217,"caption":"Galeria Bemowo"},"image":{"@id":"https:\/\/www.galeria-bemowo.pl\/#\/schema\/logo\/image\/"},"sameAs":["https:\/\/www.facebook.com\/GaleriaBemowo\/"]},{"@type":"Person","@id":"https:\/\/www.galeria-bemowo.pl\/#\/schema\/person\/391af1d41ade64b6edcf9534079b4185","name":"aadmin"}]}},"_links":{"self":[{"href":"https:\/\/www.galeria-bemowo.pl\/en\/wp-json\/wp\/v2\/posts\/8293"}],"collection":[{"href":"https:\/\/www.galeria-bemowo.pl\/en\/wp-json\/wp\/v2\/posts"}],"about":[{"href":"https:\/\/www.galeria-bemowo.pl\/en\/wp-json\/wp\/v2\/types\/post"}],"author":[{"embeddable":true,"href":"https:\/\/www.galeria-bemowo.pl\/en\/wp-json\/wp\/v2\/users\/1"}],"replies":[{"embeddable":true,"href":"https:\/\/www.galeria-bemowo.pl\/en\/wp-json\/wp\/v2\/comments?post=8293"}],"version-history":[{"count":1,"href":"https:\/\/www.galeria-bemowo.pl\/en\/wp-json\/wp\/v2\/posts\/8293\/revisions"}],"predecessor-version":[{"id":8296,"href":"https:\/\/www.galeria-bemowo.pl\/en\/wp-json\/wp\/v2\/posts\/8293\/revisions\/8296"}],"wp:attachment":[{"href":"https:\/\/www.galeria-bemowo.pl\/en\/wp-json\/wp\/v2\/media?parent=8293"}],"wp:term":[{"taxonomy":"category","embeddable":true,"href":"https:\/\/www.galeria-bemowo.pl\/en\/wp-json\/wp\/v2\/categories?post=8293"},{"taxonomy":"post_tag","embeddable":true,"href":"https:\/\/www.galeria-bemowo.pl\/en\/wp-json\/wp\/v2\/tags?post=8293"}],"curies":[{"name":"wp","href":"https:\/\/api.w.org\/{rel}","templated":true}]}}